{"id":205,"date":"2015-11-30T08:55:24","date_gmt":"2015-11-30T07:55:24","guid":{"rendered":"http:\/\/citu-paragraphe.fr\/?p=205"},"modified":"2015-12-02T16:17:54","modified_gmt":"2015-12-02T15:17:54","slug":"site-cac5-en-ligne","status":"publish","type":"post","link":"https:\/\/citu-paragraphe.fr\/index.php\/2015\/11\/30\/site-cac5-en-ligne\/","title":{"rendered":"Site CAC5 en ligne"},"content":{"rendered":"<p><a href=\"http:\/\/www.computer-art-congress.org\/\">The Computer Art Congress<\/a> is an international gathering around art, science, technology, and design. Its first edition was celebrated in Paris (2002), then the CAC traveled to Mexico City (2008), then came back to Paris (2012), and recently was hosted in Rio de Janeiro (2014). In fourteen years, a community of artists, curators, researchers, scholars, scientists, designers, students, and professionals has contributed to the domain with artworks, papers, round tables, workshops and exhibitions, exploring questions such as \u201cemerging forms of computer art\u201d, \u201cpost-digital art\u201d, and \u201ccomputer art for all\u201d.<br \/>\n<a href=\"http:\/\/www.computer-art-congress.org\/\"><img decoding=\"async\" loading=\"lazy\" src=\"https:\/\/i0.wp.com\/www.computer-art-congress.org\/wp-content\/uploads\/2015\/11\/cac-5-poster2_2048px.jpg?resize=620%2C880\" width=\"620\" height=\"880\" class=\"aligncenter\" data-recalc-dims=\"1\" \/><\/a><\/p>\n","protected":false},"excerpt":{"rendered":"<p>The Computer Art Congress is an international gathering around art, science, technology, and design. Its first edition was celebrated in Paris (2002), then the CAC traveled to Mexico City (2008), then came back to Paris (2012), and recently was hosted in Rio de Janeiro (2014). In fourteen years, a community of artists, curators, researchers, scholars, &hellip;<\/p>\n","protected":false},"author":1,"featured_media":0,"comment_status":"open","ping_status":"open","sticky":false,"template":"","format":"standard","meta":[],"categories":[1],"tags":[],"jetpack_featured_media_url":"","jetpack-related-posts":[{"id":695,"url":"https:\/\/citu-paragraphe.fr\/index.php\/2016\/02\/03\/call-for-papers-cac-5-digital-art-archiving-and-questioning-immateriality\/","url_meta":{"origin":205,"position":0},"title":"Call for Papers: CAC.5 &#8211; Digital Art: Archiving and Questioning Immateriality","author":"Pierre Ch\u00e2tel-Innocenti","date":"3 f\u00e9vrier 2016","format":false,"excerpt":"***** Call for papers, artworks, workshops, demos ***** CAC.5 Digital Art: Archiving and Questioning Immateriality \u2013 2016, Paris http:\/\/www.computer-art-congress.org\/ The Computer Art Congress is an international gathering around art, science, technology, and design. Its first edition was celebrated in Paris (2002), then the CAC traveled to Mexico City (2008), then\u2026","rel":"","context":"Dans &quot;CfP&quot;","block_context":{"text":"CfP","link":"https:\/\/citu-paragraphe.fr\/index.php\/category\/colloque\/cfp-colloque\/"},"img":{"alt_text":"12366134_10207541690674150_1583002390927422686_o","src":"https:\/\/i0.wp.com\/citu-paragraphe.fr\/wp-content\/uploads\/2016\/02\/12366134_10207541690674150_1583002390927422686_o.jpg?resize=350%2C200","width":350,"height":200},"classes":[]},{"id":1008,"url":"https:\/\/citu-paragraphe.fr\/index.php\/2016\/10\/14\/computer-art-congress-2016-cac-5-26-28-octobre-2016-msh-paris-nord\/","url_meta":{"origin":205,"position":1},"title":"Computer Art Congress 2016 [ CAC.5 ] &#8211; 26-28 octobre 2016 @ MSH Paris Nord","author":"Pierre Ch\u00e2tel-Innocenti","date":"14 octobre 2016","format":false,"excerpt":"CAC.5 propose une r\u00e9flexion sur l\u2019\u0153uvre d\u2019art comme un objet mat\u00e9riel, ainsi qu\u2019aux processus complexes entourant une \u0153uvre d\u2019art. CAC.5 interroge les supports \u00ab mat\u00e9riel \u00bb qui donnent forme \u00e0 une \u0153uvre d\u2019art ; les m\u00e9thodes d\u2019archives que les artistes, conservateurs, collectionneurs et institutions emploient dans leur pratique ; le\u2026","rel":"","context":"Dans &quot;Colloques&quot;","block_context":{"text":"Colloques","link":"https:\/\/citu-paragraphe.fr\/index.php\/category\/colloque\/"},"img":{"alt_text":"","src":"https:\/\/i0.wp.com\/citu-paragraphe.fr\/wp-content\/uploads\/2016\/10\/evenement-computer-art-congress-affiche-213x300.jpg?resize=350%2C200","width":350,"height":200},"classes":[]},{"id":6988,"url":"https:\/\/citu-paragraphe.fr\/index.php\/2024\/02\/20\/2d-3ai-international-symposium\/","url_meta":{"origin":205,"position":2},"title":"2d 3ai international symposium","author":"Nasreddine Bouhai","date":"20 f\u00e9vrier 2024","format":false,"excerpt":"Art in the\u00a0Age of\u00a0Artificial\u00a0Intelligence https:\/\/3ai-24.sciencesconf.org\/ Department of Audio & Visual Arts, Ionian University, Corfu, Greece 26-27 May 2024, Corfu, Greece Joint conference with DCAC\u00a0(\u00a0https:\/\/avarts.ionio.gr\/dcac\/2024\/\u00a0) The 1st \"3AI\" was held in La Louvi\u00e8re in Belgium on 27-28 April 2023 and was organised by Transculutures (Centre of Digital and Sound Arts, Belgium)\u2026","rel":"","context":"Dans &quot;CfP&quot;","block_context":{"text":"CfP","link":"https:\/\/citu-paragraphe.fr\/index.php\/category\/colloque\/cfp-colloque\/"},"img":{"alt_text":"","src":"","width":0,"height":0},"classes":[]},{"id":5554,"url":"https:\/\/citu-paragraphe.fr\/index.php\/2023\/10\/08\/demi-journee-art-science\/","url_meta":{"origin":205,"position":3},"title":"Demi-journ\u00e9e ART &#038; SCIENCE","author":"Nasreddine Bouhai","date":"8 octobre 2023","format":false,"excerpt":"DONN\u00c9ES, M\u00c9MOIRES ET ART le mardi 10 octobre 2023, 13h00 \u00e0 16h30, Salle des commissions Assister par zoom : https:\/\/univ-paris8.zoom.us\/j\/91935370507?pwd=T1d6VEIyazlQbXB6ck4vMzdHZjdPdz09","rel":"","context":"Dans &quot;Non class\u00e9&quot;","block_context":{"text":"Non class\u00e9","link":"https:\/\/citu-paragraphe.fr\/index.php\/category\/non-classe\/"},"img":{"alt_text":"","src":"https:\/\/i0.wp.com\/citu-paragraphe.fr\/wp-content\/uploads\/2023\/10\/DJ_ART-SCIENCE_mardi_10_OCT-scaled.jpg?resize=350%2C200&ssl=1","width":350,"height":200,"srcset":"https:\/\/i0.wp.com\/citu-paragraphe.fr\/wp-content\/uploads\/2023\/10\/DJ_ART-SCIENCE_mardi_10_OCT-scaled.jpg?resize=350%2C200&ssl=1 1x, https:\/\/i0.wp.com\/citu-paragraphe.fr\/wp-content\/uploads\/2023\/10\/DJ_ART-SCIENCE_mardi_10_OCT-scaled.jpg?resize=525%2C300&ssl=1 1.5x, https:\/\/i0.wp.com\/citu-paragraphe.fr\/wp-content\/uploads\/2023\/10\/DJ_ART-SCIENCE_mardi_10_OCT-scaled.jpg?resize=700%2C400&ssl=1 2x, https:\/\/i0.wp.com\/citu-paragraphe.fr\/wp-content\/uploads\/2023\/10\/DJ_ART-SCIENCE_mardi_10_OCT-scaled.jpg?resize=1050%2C600&ssl=1 3x, https:\/\/i0.wp.com\/citu-paragraphe.fr\/wp-content\/uploads\/2023\/10\/DJ_ART-SCIENCE_mardi_10_OCT-scaled.jpg?resize=1400%2C800&ssl=1 4x"},"classes":[]},{"id":2682,"url":"https:\/\/citu-paragraphe.fr\/index.php\/2019\/04\/16\/colloque-hyperheritage-international-seminar-2019-la-fabrique-du-patrimoine\/","url_meta":{"origin":205,"position":4},"title":"HIS6 &#8211; Hyperheritage International Seminar. La   fabrique du patrimoine \u00e0 l&#8217;\u00e8re num\u00e9rique. Heritage Fabric in the Digital Age","author":"Luis Torres Yepez","date":"16 avril 2019","format":false,"excerpt":"HIS6 - Hyperheritage 6 Dedicated website:\u00a0http:\/\/europia.fr\/HIS6\/ The term HyperHeritage covers every hybrid cultural heritage environment augmented with digital information inviting us to explore new ways of perceiving, experiencing and practicing cultural heritage. Massive developments on ICT and the unprecedented spread of mobile, location-aware and immersive (Augmented and Virtual Reality) technologies\u2026","rel":"","context":"Dans &quot;Colloques&quot;","block_context":{"text":"Colloques","link":"https:\/\/citu-paragraphe.fr\/index.php\/category\/colloque\/"},"img":{"alt_text":"","src":"https:\/\/i0.wp.com\/citu-paragraphe.fr\/wp-content\/uploads\/2019\/04\/Colloque_HIS_2020-300x300.jpg?resize=350%2C200","width":350,"height":200},"classes":[]},{"id":4331,"url":"https:\/\/citu-paragraphe.fr\/index.php\/2021\/11\/08\/colloque-hyperheritage-international-seminar-2019-la-fabrique-du-patrimoine-2\/","url_meta":{"origin":205,"position":5},"title":"HIS7 &#8211; Repenser et faire revivre le patrimoine immat\u00e9riel \u00e0 l&#8217;\u00e8re num\u00e9rique","author":"Luis Torres Yepez","date":"8 novembre 2021","format":false,"excerpt":"HIS7 - Hyperheritage 7 Website:\u00a0http:\/\/europia.fr\/HIS7\/ 16 et 17 d\u00e9cembre 2021. Universit\u00e9 HASSAN II, Casablanca, Maroc Les soci\u00e9t\u00e9s humaines regorgent d\u2019un immense r\u00e9servoir patrimonial mat\u00e9riel et immat\u00e9riel, dont leur r\u00e9alit\u00e9 est intrins\u00e8quement corr\u00e9l\u00e9e \u00e0 l\u2019\u00e9volution de ces soci\u00e9t\u00e9s depuis fort longtemps. Certains de ces patrimoines ont travers\u00e9 et r\u00e9sist\u00e9 au temps,\u2026","rel":"","context":"Dans &quot;Colloques&quot;","block_context":{"text":"Colloques","link":"https:\/\/citu-paragraphe.fr\/index.php\/category\/colloque\/"},"img":{"alt_text":"","src":"","width":0,"height":0},"classes":[]}],"_links":{"self":[{"href":"https:\/\/citu-paragraphe.fr\/index.php\/wp-json\/wp\/v2\/posts\/205"}],"collection":[{"href":"https:\/\/citu-paragraphe.fr\/index.php\/wp-json\/wp\/v2\/posts"}],"about":[{"href":"https:\/\/citu-paragraphe.fr\/index.php\/wp-json\/wp\/v2\/types\/post"}],"author":[{"embeddable":true,"href":"https:\/\/citu-paragraphe.fr\/index.php\/wp-json\/wp\/v2\/users\/1"}],"replies":[{"embeddable":true,"href":"https:\/\/citu-paragraphe.fr\/index.php\/wp-json\/wp\/v2\/comments?post=205"}],"version-history":[{"count":0,"href":"https:\/\/citu-paragraphe.fr\/index.php\/wp-json\/wp\/v2\/posts\/205\/revisions"}],"wp:attachment":[{"href":"https:\/\/citu-paragraphe.fr\/index.php\/wp-json\/wp\/v2\/media?parent=205"}],"wp:term":[{"taxonomy":"category","embeddable":true,"href":"https:\/\/citu-paragraphe.fr\/index.php\/wp-json\/wp\/v2\/categories?post=205"},{"taxonomy":"post_tag","embeddable":true,"href":"https:\/\/citu-paragraphe.fr\/index.php\/wp-json\/wp\/v2\/tags?post=205"}],"curies":[{"name":"wp","href":"https:\/\/api.w.org\/{rel}","templated":true}]}}