{"id":2324,"date":"2019-02-07T08:33:56","date_gmt":"2019-02-07T07:33:56","guid":{"rendered":"http:\/\/citu-paragraphe.fr\/?p=2324"},"modified":"2019-02-07T11:41:44","modified_gmt":"2019-02-07T10:41:44","slug":"colloque-nouveaux-defis-de-linternet-des-objets-2017-technique-usage-ethique-2-2","status":"publish","type":"post","link":"https:\/\/citu-paragraphe.fr\/index.php\/2019\/02\/07\/colloque-nouveaux-defis-de-linternet-des-objets-2017-technique-usage-ethique-2-2\/","title":{"rendered":"Symposium sur la Communication et la Publication des Sciences"},"content":{"rendered":"<h2><strong>Symposium sur la Communication et la Publication des Sciences<\/strong><\/h2>\n<p>Djerba, 5-6 avril 2019<\/p>\n<p><a href=\"https:\/\/scps.sciencesconf.org\/\">https:\/\/scps.sciencesconf.org\/<\/a><\/p>\n<p>Les moyens, outils et supports qui sont mis \u00e0 disposition des acteurs, organisateurs, producteurs et consommateurs de la communication et de la publication scientifiques (CPS),\u00a0 ont connu des changements majeurs ces derni\u00e8res d\u00e9cennies. Par ailleurs, on pourrait constater que les \u00e9volutions des formes, modalit\u00e9s et crit\u00e8res d&#8217;\u00e9valuation, de validation et d&#8217;exercise de CPS n&#8217;ont pas \u00e9volu\u00e9 autant.<\/p>\n<p>Cette premi\u00e8re \u00e9dition du SCPS, qui aura lieu le 5 et 6 avril 2019 \u00e0 Djerba en Tunisie dans le cadre du colloque\u00a0<a href=\"http:\/\/cide21.europia.org\/\">CiDE.21<\/a>, invite \u00e0 reposer, repositionner, amender et r\u00e9crire ce constat dans le but de mettre en place un projet d&#8217;\u00e9tude collective et durable mettant formes, modalit\u00e9s, moyens, outils et supports au service de l&#8217;objet, du contenu et de la pratique de CPS \u00e0 l&#8217;\u00e8re du num\u00e9rique.<\/p>\n<p>que les co\u00fbts attentionnels et cognitifs, les changements d\u2019acc\u00e8s tant techniques qu\u2019organisationnels ou structurels, les aspects li\u00e9s aux infrastructures, \u00e0 la conservation, \u00e0 la structuration et \u00e0 l\u2019archivage, ainsi que tout l\u2019engagement n\u00e9cessaire aux usages du document\u00a0: formation, gestion, valorisation et hi\u00e9rarchisation, \u00e9valuation, \u00e9volution des m\u00e9tiers, de la transmission et des acc\u00e8s, etc.<\/p>\n<h3 class=\"titre\">Appel \u00e0 contribution<\/h3>\n<p>Cette premi\u00e8re rencontre a pour but de lancer un d\u00e9bat, qui sera soutenu par une s\u00e9rie d&#8217;autre rencontres, permettant de faire le point et remettre \u00e0 jour\u00a0l&#8217;\u00e9tat des lieux de la communication et la publication scientifiques, c&#8217;est \u00e0 dire (et non limit\u00e9 \u00e0) supports, outils et protocoles qui sont mis, aussi bien par le secteur public que par le secteur priv\u00e9,\u00a0au service\u00a0des communaut\u00e9s scientifiques et technologiques \u00e0 l&#8217;\u00e8re du num\u00e9rique.<\/p>\n<p>Une restitution ou une red\u00e9finition, centr\u00e9e sur les fondements de CPS, c&#8217;est \u00e0 dire \u00e9change, discussion et transmission des avanc\u00e9es scientifiques, techniques, technologiques et humaines, semblerait \u00eatre souhait\u00e9e et souhaitable. Cela induit des r\u00e9flexions politiques, strat\u00e9gies, organisationnelles et praticiennes.<\/p>\n<p class=\"p1\"><span class=\"s1\">Ce premier symposium sera donc exploratoire et initiateur\u00a0d\u2019une s\u00e9rie d\u2019autres symposiums.\u00a0<\/span><\/p>\n<h3 class=\"titre\">Constat hypoth\u00e9tique<\/h3>\n<p>Une nouvelle probl\u00e9matique de CPS est en train de voir le jour, et la question qui se pose est la suivante : ou\u00f9 en sommes nous les scientifiques ? Certainement nous en sommes utilisateurs et acteurs &#8211; exp\u00e9rimentateurs, \u00e0 terme nous risquons de nous retrouver plut\u00f4t en posture d&#8217;utilisateurs, voire des clients. Cette \u00e9ventualit\u00e9, que certains pourraient consid\u00e9rer comme risque, serait due aux crit\u00e8res de validation et de valorisation dict\u00e9es de plus en plus hors des territoires scientifiques cultivant et produisant la connaissance qui serait l&#8217;objet de CPS.<\/p>\n<h3 class=\"titre\">Suggestion<\/h3>\n<p><span class=\"s1\">Le pr\u00e9cedent constat inciterait \u00e0 r\u00e9fl\u00e9chir \u00e0 une philosophie d\u2019approche et\/ou \u00e0 une d\u00e9marche m\u00e9thodologique interrogeant la refonte ou bien la restitution, \u00e0 l\u2019\u00e8re du num\u00e9rique, des probl\u00e9matiques et des politiques d\u2019optimisation et de valorisation de la communication et de la publication dites scientifiques.<\/span><\/p>\n<p><span class=\"s1\">Cinq objets classiques,\u00a0dont la finalit\u00e9 est la communication et\/ou la publication des sciences,\u00a0seront \u00e9voqu\u00e9s dans un premier temps, qui sont : le Livre, la Revue, la Th\u00e8se (m\u00e9moire, support), le Colloque (Symposium le cas \u00e9ch\u00e9ant \ud83d\ude42 et la Biblioth\u00e8que ).<\/span><\/p>\n<h3 class=\"p1\"><span class=\"s1\">Organisation du symposium<\/span><\/h3>\n<p>Ainsi nous pr\u00e9voyons 5 panels d\u00e9di\u00e9s \u00e0 ces 5 objets pour explorer, ou revoir, leurs finalit\u00e9s, objectifs, formes, &#8230;<\/p>\n<p>La dur\u00e9e de chaque panel sera d&#8217;environ 1h:30 avec 1 animateur et 4 participants. Chaque intervenant disposera de\u00a010 minutes pour exposer ses constats, questionnements et\/ou\u00a0ses propositions scientifiques ou organisationnelles.<\/p>\n<h3><span class=\"s1\">Th\u00e8mes<\/span><\/h3>\n<p><span class=\"s1\">Les contributions peuvent aborder un des chapitres ci-dessous ou bien proposer une approche transversale.<\/span><\/p>\n<ul>\n<li><span class=\"s1\">Chapitre livre : num\u00e9rique, augment\u00e9,\u00a0strat\u00e9gies et pratiques\u00a0de lecture, strat\u00e9gies et pratiques d&#8217;\u00e9criture, ressource, r\u00e9f\u00e9rencement, crit\u00e8res de notori\u00e9t\u00e9, cr\u00e9dibilit\u00e9, &#8230;<\/span><\/li>\n<li>Chapitre revue : num\u00e9rique, ouverte, institutionnelle, lecture, \u00e9criture, r\u00e9f\u00e9rence, ressource, r\u00e9f\u00e9rencement, crit\u00e8res de notori\u00e9t\u00e9, cr\u00e9dibilit\u00e9&#8230;<\/li>\n<li>Chapitre colloque : forme, pr\u00e9sence, temporalit\u00e9, couverture, &#8230;<\/li>\n<li>Chapitre th\u00e8se : \u00e9criture, publication, diffusion, &#8230;<\/li>\n<li>Chapitre biblioth\u00e8que : forme, r\u00f4le, mission, &#8230;<\/li>\n<\/ul>\n<h3 class=\"p1\"><span class=\"s1\">Modalit\u00e9 de contribution<\/span><\/h3>\n<p><span class=\"s1\">Merci de d\u00e9poser sur ce site, si vouz un compte\u00a0HAL ou SCIENCESCONF, vos contributions sous forme de\u00a0<em><strong>r\u00e9sum\u00e9s \u00e9tendus avec un m<\/strong><\/em><\/span><em><strong>inimum de 5000 signes (environ 2 pages) et maximum de 10000 signes\u00a0(environ 4 pages)<\/strong><\/em>.<\/p>\n<p>Si vous n&#8217;avez pas de compte HAL ou SCIENCESCONF et vous ne souhaitez pas en avoir vous pouvez envoyer vos r\u00e9sum\u00e9s \u00e0 l&#8217;adresse du contact ou \u00e0\u00a0<a href=\"mailto:zreik@univ-paris8.fr\">zreik@univ-paris8.fr<\/a><\/p>\n<h3>Dates<\/h3>\n<p>La date limite d&#8217;envoie des r\u00e9sum\u00e9s et des inscriptions est le\u00a0<strong>17 mars 2019.\u00a0<\/strong><\/p>\n<p>Notre premier rencontre SCPS.1 est le<strong>\u00a05 avril 2019<\/strong><\/p>\n","protected":false},"excerpt":{"rendered":"<p>Symposium sur la Communication et la Publication des Sciences Djerba, 5-6 avril 2019 https:\/\/scps.sciencesconf.org\/ Les moyens, outils et supports qui sont mis \u00e0 disposition des acteurs, organisateurs, producteurs et consommateurs de la communication et de la publication scientifiques (CPS),\u00a0 ont connu des changements majeurs ces derni\u00e8res d\u00e9cennies. Par ailleurs, on pourrait constater que les \u00e9volutions &hellip;<\/p>\n","protected":false},"author":15,"featured_media":0,"comment_status":"open","ping_status":"open","sticky":false,"template":"","format":"standard","meta":[],"categories":[9],"tags":[],"jetpack_featured_media_url":"","jetpack-related-posts":[{"id":4375,"url":"https:\/\/citu-paragraphe.fr\/index.php\/2023\/03\/15\/9eme-edition-du-colloque-hyperurbain-novembre-2023\/","url_meta":{"origin":2324,"position":0},"title":"9\u00e8me \u00e9dition du colloque HyperUrbain \/  novembre 2023","author":"Nasreddine Bouhai","date":"15 mars 2023","format":false,"excerpt":"[Date limite de soumission de r\u00e9sum\u00e9s est prolong\u00e9e au 31 mars 2023 sur http:\/\/hu9.hyperurbain.org] Ville Dirig\u00e9e par les Donn\u00e9es 23 au 25 nomvenbre 2023 Facult\u00e9 des Sciences Appliqu\u00e9es d'Ait MelloulUniversit\u00e9 Ibn Zohr, Agadir, Maroc http:\/\/hu9.hyperurbain.org Organis\u00e9 par : Facult\u00e9 des Sciences Appliqu\u00e9es d'Ait MelloulUniversit\u00e9 Ibn Zohr Agadir, MarocLaboratoire ParagrapheUniversit\u00e9 de\u2026","rel":"","context":"Dans &quot;CfP&quot;","block_context":{"text":"CfP","link":"https:\/\/citu-paragraphe.fr\/index.php\/category\/colloque\/cfp-colloque\/"},"img":{"alt_text":"","src":"https:\/\/i0.wp.com\/citu-paragraphe.fr\/wp-content\/uploads\/2023\/03\/hu.9-bis-scaled.jpg?resize=350%2C200&ssl=1","width":350,"height":200,"srcset":"https:\/\/i0.wp.com\/citu-paragraphe.fr\/wp-content\/uploads\/2023\/03\/hu.9-bis-scaled.jpg?resize=350%2C200&ssl=1 1x, https:\/\/i0.wp.com\/citu-paragraphe.fr\/wp-content\/uploads\/2023\/03\/hu.9-bis-scaled.jpg?resize=525%2C300&ssl=1 1.5x, https:\/\/i0.wp.com\/citu-paragraphe.fr\/wp-content\/uploads\/2023\/03\/hu.9-bis-scaled.jpg?resize=700%2C400&ssl=1 2x, https:\/\/i0.wp.com\/citu-paragraphe.fr\/wp-content\/uploads\/2023\/03\/hu.9-bis-scaled.jpg?resize=1050%2C600&ssl=1 3x, https:\/\/i0.wp.com\/citu-paragraphe.fr\/wp-content\/uploads\/2023\/03\/hu.9-bis-scaled.jpg?resize=1400%2C800&ssl=1 4x"},"classes":[]},{"id":4383,"url":"https:\/\/citu-paragraphe.fr\/index.php\/2023\/03\/15\/17eme-edition-de-la-conference-internationale-h2ptm2023\/","url_meta":{"origin":2324,"position":1},"title":"17\u00e8me \u00e9dition de la Conf\u00e9rence internationale H2PTM&#8217;2023","author":"Nasreddine Bouhai","date":"15 mars 2023","format":false,"excerpt":"[Date limite de soumission de textes complets le 16 avril (repouss\u00e9e \u00e0 dimanche 23 avril, suite \u00e0 des difficult\u00e9s techniques pour le d\u00e9p\u00f4t des textes complet) (voir http:\/\/h2ptm.univ-paris8.fr\/)] 17\u00e8me \u00e9dition de la Conf\u00e9rence internationale La fabrique du sens \u00e0 l\u2019\u00e8re de l\u2019information num\u00e9rique : enjeux et d\u00e9fis 18, 19 et\u2026","rel":"","context":"Dans &quot;CfP&quot;","block_context":{"text":"CfP","link":"https:\/\/citu-paragraphe.fr\/index.php\/category\/colloque\/cfp-colloque\/"},"img":{"alt_text":"","src":"https:\/\/i0.wp.com\/citu-paragraphe.fr\/wp-content\/uploads\/2023\/03\/illustration.png?resize=350%2C200&ssl=1","width":350,"height":200,"srcset":"https:\/\/i0.wp.com\/citu-paragraphe.fr\/wp-content\/uploads\/2023\/03\/illustration.png?resize=350%2C200&ssl=1 1x, https:\/\/i0.wp.com\/citu-paragraphe.fr\/wp-content\/uploads\/2023\/03\/illustration.png?resize=525%2C300&ssl=1 1.5x, https:\/\/i0.wp.com\/citu-paragraphe.fr\/wp-content\/uploads\/2023\/03\/illustration.png?resize=700%2C400&ssl=1 2x"},"classes":[]},{"id":4388,"url":"https:\/\/citu-paragraphe.fr\/index.php\/2023\/03\/28\/seminaire-art-et-art-numerique-a-lere-de-lia\/","url_meta":{"origin":2324,"position":2},"title":"Symposium Art et Art Num\u00e9rique \u00e0 l\u2019\u00e8re de l\u2019IA","author":"Nasreddine Bouhai","date":"28 mars 2023","format":false,"excerpt":"Dans le cadre du Centenaire de Pol Bury La Louvi\u00e8re \u2013 Centrissime \u2014 27, 28 avril 2023 Parcours r\u00e9alit\u00e9 augment\u00e9e en ville ] P P P [ - XR BURY 26 > 14 mai Pr\u00e9sentation \u00c0 l\u2019occasion du centenaire de la naissance de Pol Bury, le laboratoire Paragraphe (axe CiTu)\u2026","rel":"","context":"Dans &quot;S\u00e9minaires&quot;","block_context":{"text":"S\u00e9minaires","link":"https:\/\/citu-paragraphe.fr\/index.php\/category\/seminaires\/"},"img":{"alt_text":"","src":"https:\/\/i0.wp.com\/citu-paragraphe.fr\/wp-content\/uploads\/2023\/03\/louviere.jpg?resize=350%2C200&ssl=1","width":350,"height":200,"srcset":"https:\/\/i0.wp.com\/citu-paragraphe.fr\/wp-content\/uploads\/2023\/03\/louviere.jpg?resize=350%2C200&ssl=1 1x, https:\/\/i0.wp.com\/citu-paragraphe.fr\/wp-content\/uploads\/2023\/03\/louviere.jpg?resize=525%2C300&ssl=1 1.5x, https:\/\/i0.wp.com\/citu-paragraphe.fr\/wp-content\/uploads\/2023\/03\/louviere.jpg?resize=700%2C400&ssl=1 2x, https:\/\/i0.wp.com\/citu-paragraphe.fr\/wp-content\/uploads\/2023\/03\/louviere.jpg?resize=1050%2C600&ssl=1 3x"},"classes":[]},{"id":2327,"url":"https:\/\/citu-paragraphe.fr\/index.php\/2019\/02\/07\/colloque-nouveaux-defis-de-linternet-des-objets-2017-technique-usage-ethique-2-2-2\/","url_meta":{"origin":2324,"position":3},"title":"HYPERURBAIN.7 Technologies de l\u2019Information et de la Communication en Milieu Urbain","author":"Luis Torres Yepez","date":"7 f\u00e9vrier 2019","format":false,"excerpt":"HU.7 - HYPERURBAIN.7 30-31 Octobre 2019 \u00e0 Copacabana, Br\u00e9sil Organis\u00e9 par l\u2019Universit\u00e9 F\u00e9d\u00e9rale de Rio de Janeiro (Br\u00e9sil) et l\u2019Universit\u00e9 Paris 8 (France) http:\/\/hyperurbain.org\/hu7\/ Les colloques \u00ab HyperUrbain \u00bb proposent des r\u00e9flexions sur la ville en devenir, en termes communicationnels, artistiques, culturels, philosophiques, sociaux, \u00e9conomiques, politiques, technologiques, \u2026 HyperUrbain.7 s\u2019adresse\u2026","rel":"","context":"Dans &quot;Colloques&quot;","block_context":{"text":"Colloques","link":"https:\/\/citu-paragraphe.fr\/index.php\/category\/colloque\/"},"img":{"alt_text":"","src":"","width":0,"height":0},"classes":[]},{"id":2322,"url":"https:\/\/citu-paragraphe.fr\/index.php\/2019\/02\/07\/colloque-nouveaux-defis-de-linternet-des-objets-2017-technique-usage-ethique-2\/","url_meta":{"origin":2324,"position":4},"title":"21e colloque international sur le document num\u00e9rique","author":"Luis Torres Yepez","date":"7 f\u00e9vrier 2019","format":false,"excerpt":"21e\u00a0colloque international sur le document num\u00e9rique Djerba, 4-6 avril 2019 http:\/\/europia.org\/cide21\/ La vingt-et-uni\u00e8me \u00e9dition du\u00a0Colloque international sur le Document Num\u00e9rique\u00a0(CiDE.21) propose d\u2019interroger la num\u00e9risation info-documentaire dans ses cons\u00e9quences sur le fonctionnement g\u00e9n\u00e9ral de l\u2019environnement documentaire et sur son organisation (l\u2019\u00e9conomie \u2013 ou les diverses \u00e9conomies \u2013 du document). Ce questionnement\u2026","rel":"","context":"Dans &quot;Colloques&quot;","block_context":{"text":"Colloques","link":"https:\/\/citu-paragraphe.fr\/index.php\/category\/colloque\/"},"img":{"alt_text":"","src":"","width":0,"height":0},"classes":[]},{"id":5736,"url":"https:\/\/citu-paragraphe.fr\/index.php\/2023\/11\/23\/2eme-edition-du-symposium-scps\/","url_meta":{"origin":2324,"position":5},"title":"2\u00e8me \u00e9dition du Symposium SCPS","author":"Nasreddine Bouhai","date":"23 novembre 2023","format":false,"excerpt":"Strat\u00e9gies de Communication et de Publication Scientifiques \u00e0 l'\u00e8re de l'IA samedi 2 d\u00e9cembre9h30 - Ouverture du colloque9h45 - Table ronde 1\u00a0:Enjeux et d\u00e9fis de la communication et de la publication scientifiques14h00 - Table ronde 2\u00a0: La communication et la publication scientifiques \u00e0 l\u2019\u00e8re de l\u2019IA15h30 - Table ronde 3\u00a0:Ma\u00eetrise\u2026","rel":"","context":"Dans &quot;Non class\u00e9&quot;","block_context":{"text":"Non class\u00e9","link":"https:\/\/citu-paragraphe.fr\/index.php\/category\/non-classe\/"},"img":{"alt_text":"","src":"https:\/\/i0.wp.com\/citu-paragraphe.fr\/wp-content\/uploads\/2023\/11\/SCPS2.jpg?resize=350%2C200&ssl=1","width":350,"height":200,"srcset":"https:\/\/i0.wp.com\/citu-paragraphe.fr\/wp-content\/uploads\/2023\/11\/SCPS2.jpg?resize=350%2C200&ssl=1 1x, https:\/\/i0.wp.com\/citu-paragraphe.fr\/wp-content\/uploads\/2023\/11\/SCPS2.jpg?resize=525%2C300&ssl=1 1.5x, https:\/\/i0.wp.com\/citu-paragraphe.fr\/wp-content\/uploads\/2023\/11\/SCPS2.jpg?resize=700%2C400&ssl=1 2x"},"classes":[]}],"_links":{"self":[{"href":"https:\/\/citu-paragraphe.fr\/index.php\/wp-json\/wp\/v2\/posts\/2324"}],"collection":[{"href":"https:\/\/citu-paragraphe.fr\/index.php\/wp-json\/wp\/v2\/posts"}],"about":[{"href":"https:\/\/citu-paragraphe.fr\/index.php\/wp-json\/wp\/v2\/types\/post"}],"author":[{"embeddable":true,"href":"https:\/\/citu-paragraphe.fr\/index.php\/wp-json\/wp\/v2\/users\/15"}],"replies":[{"embeddable":true,"href":"https:\/\/citu-paragraphe.fr\/index.php\/wp-json\/wp\/v2\/comments?post=2324"}],"version-history":[{"count":0,"href":"https:\/\/citu-paragraphe.fr\/index.php\/wp-json\/wp\/v2\/posts\/2324\/revisions"}],"wp:attachment":[{"href":"https:\/\/citu-paragraphe.fr\/index.php\/wp-json\/wp\/v2\/media?parent=2324"}],"wp:term":[{"taxonomy":"category","embeddable":true,"href":"https:\/\/citu-paragraphe.fr\/index.php\/wp-json\/wp\/v2\/categories?post=2324"},{"taxonomy":"post_tag","embeddable":true,"href":"https:\/\/citu-paragraphe.fr\/index.php\/wp-json\/wp\/v2\/tags?post=2324"}],"curies":[{"name":"wp","href":"https:\/\/api.w.org\/{rel}","templated":true}]}}