{"id":4375,"date":"2023-03-15T14:17:51","date_gmt":"2023-03-15T13:17:51","guid":{"rendered":"https:\/\/citu-paragraphe.fr\/?p=4375"},"modified":"2023-04-13T17:49:51","modified_gmt":"2023-04-13T16:49:51","slug":"9eme-edition-du-colloque-hyperurbain-novembre-2023","status":"publish","type":"post","link":"https:\/\/citu-paragraphe.fr\/index.php\/2023\/03\/15\/9eme-edition-du-colloque-hyperurbain-novembre-2023\/","title":{"rendered":"9\u00e8me \u00e9dition du colloque HyperUrbain \/  novembre 2023"},"content":{"rendered":"\n<p class=\"has-vivid-red-color has-text-color has-small-font-size\" id=\"http:\/\/hu9.hyperurbain.org\"><strong>[Date limite de soumission de r\u00e9sum\u00e9s est prolong\u00e9e au 31 mars 2023  sur <a href=\"http:\/\/hu9.hyperurbain.org\">http:\/\/hu9.hyperurbain.org<\/a>]<\/strong><\/p>\n\n\n\n<figure class=\"wp-block-image size-large\"><a href=\"https:\/\/i0.wp.com\/citu-paragraphe.fr\/wp-content\/uploads\/2023\/03\/hu.9-bis-scaled.jpg?ssl=1\"><img decoding=\"async\" loading=\"lazy\" width=\"620\" height=\"257\" src=\"https:\/\/i0.wp.com\/citu-paragraphe.fr\/wp-content\/uploads\/2023\/03\/hu.9-bis.jpg?resize=620%2C257&#038;ssl=1\" alt=\"\" class=\"wp-image-4377\" srcset=\"https:\/\/i0.wp.com\/citu-paragraphe.fr\/wp-content\/uploads\/2023\/03\/hu.9-bis-scaled.jpg?resize=1024%2C425&amp;ssl=1 1024w, https:\/\/i0.wp.com\/citu-paragraphe.fr\/wp-content\/uploads\/2023\/03\/hu.9-bis-scaled.jpg?resize=300%2C125&amp;ssl=1 300w, https:\/\/i0.wp.com\/citu-paragraphe.fr\/wp-content\/uploads\/2023\/03\/hu.9-bis-scaled.jpg?resize=768%2C319&amp;ssl=1 768w, https:\/\/i0.wp.com\/citu-paragraphe.fr\/wp-content\/uploads\/2023\/03\/hu.9-bis-scaled.jpg?resize=1536%2C638&amp;ssl=1 1536w, https:\/\/i0.wp.com\/citu-paragraphe.fr\/wp-content\/uploads\/2023\/03\/hu.9-bis-scaled.jpg?resize=2048%2C851&amp;ssl=1 2048w, https:\/\/i0.wp.com\/citu-paragraphe.fr\/wp-content\/uploads\/2023\/03\/hu.9-bis-scaled.jpg?w=1240&amp;ssl=1 1240w, https:\/\/i0.wp.com\/citu-paragraphe.fr\/wp-content\/uploads\/2023\/03\/hu.9-bis-scaled.jpg?w=1860&amp;ssl=1 1860w\" sizes=\"(max-width: 620px) 100vw, 620px\" data-recalc-dims=\"1\" \/><\/a><\/figure>\n\n\n\n<h3>Ville Dirig\u00e9e par les Donn\u00e9es<\/h3>\n\n\n\n<h4>23 au 25 nomvenbre 2023<\/h4>\n\n\n\n<h4>Facult\u00e9 des Sciences Appliqu\u00e9es d&#8217;Ait Melloul<br>Universit\u00e9 Ibn Zohr, Agadir, Maroc<\/h4>\n\n\n\n<p><a href=\" http:\/\/hu9.hyperurbain.org\"> http:\/\/hu9.hyperurbain.org<\/a><\/p>\n\n\n\n<h4>Organis\u00e9 par :<\/h4>\n\n\n\n<figure class=\"wp-block-table\"><table><tbody><tr><td>Facult\u00e9 des Sciences Appliqu\u00e9es d&#8217;Ait Melloul<br>Universit\u00e9 Ibn Zohr Agadir, Maroc<\/td><td><img decoding=\"async\" loading=\"lazy\" src=\"https:\/\/i0.wp.com\/thyp.univ-paris8.fr\/hu.9\/images\/ait-melloul.png?resize=170%2C45\" alt=\"Ait Melloul\" width=\"170\" height=\"45\"  data-recalc-dims=\"1\"><\/td><\/tr><tr><td>Laboratoire Paragraphe<br>Universit\u00e9 de Paris 8 | GY Cergy Universit\u00e9, France<\/td><td><img decoding=\"async\" loading=\"lazy\" src=\"https:\/\/i0.wp.com\/thyp.univ-paris8.fr\/hu.9\/images\/p8.jpg?resize=145%2C85\" alt=\"Paragraphe\" width=\"145\" height=\"85\"  data-recalc-dims=\"1\"><\/td><\/tr><\/tbody><\/table><\/figure>\n\n\n\n<h4>Parrain\u00e9 par :<\/h4>\n\n\n\n<figure class=\"wp-block-table\"><table><tbody><tr><td>DIDA, Florence, Italie<br><\/td><td><img decoding=\"async\" loading=\"lazy\" src=\"https:\/\/i0.wp.com\/thyp.univ-paris8.fr\/hu.9\/images\/dida.png?resize=145%2C60\" alt=\"DIDA\" width=\"145\" height=\"60\"  data-recalc-dims=\"1\"><\/td><\/tr><tr><td>UMons, Belgique<\/td><td><img decoding=\"async\" loading=\"lazy\" src=\"https:\/\/i0.wp.com\/thyp.univ-paris8.fr\/hu.9\/images\/umons.png?resize=145%2C65\" alt=\"U-MONS\" width=\"145\" height=\"65\"  data-recalc-dims=\"1\"><\/td><\/tr><tr><td>Laboratoire SicLab<br>Universit\u00e9 C\u00f4te d&#8217;Azur<\/td><td><img decoding=\"async\" loading=\"lazy\" src=\"https:\/\/i0.wp.com\/thyp.univ-paris8.fr\/hu.9\/images\/sic.lab.png?resize=145%2C55\" alt=\"SicLab\" width=\"145\" height=\"55\"  data-recalc-dims=\"1\"><\/td><\/tr><tr><td>CISDU, Centro Internazionale di Studi sul Disegno Urbano Firenze<br>Florence, Italie<\/td><td><img decoding=\"async\" loading=\"lazy\" src=\"https:\/\/i0.wp.com\/thyp.univ-paris8.fr\/hu.9\/images\/cisdu.jpg?resize=145%2C85\" alt=\"CISDU\" width=\"145\" height=\"85\"  data-recalc-dims=\"1\"><\/td><\/tr><tr><td>UMR Prism<br>Marseille, France<\/td><td><img decoding=\"async\" loading=\"lazy\" src=\"https:\/\/i0.wp.com\/thyp.univ-paris8.fr\/hu.9\/images\/prism.png?resize=145%2C85\" alt=\"Prism\" width=\"145\" height=\"85\"  data-recalc-dims=\"1\"><\/td><\/tr><tr><td>Laboratoire LARSH, d\u00e9partement DeVisu<br>Universit\u00e9 Polytechnique Hauts-de-France<\/td><td><img decoding=\"async\" loading=\"lazy\" src=\"https:\/\/i0.wp.com\/thyp.univ-paris8.fr\/hu.9\/images\/logo-larsh.png?resize=145%2C65\" alt=\"DEVISU\" width=\"145\" height=\"65\"  data-recalc-dims=\"1\"><\/td><\/tr><\/tbody><\/table><\/figure>\n\n\n\n<h2>HyperUrbain<\/h2>\n\n\n\n<p>L\u2019histoire de la ville a toujours \u00e9t\u00e9 li\u00e9e \u00e0 celle des \u00e9volutions technologiques. La technologie du num\u00e9rique vient conforter la ville dans sa qu\u00eate de nouvelles dynamiques de reconfigurations spatiales et temporelles pouvant contenir de nouvelles ruptures et pratiques socioculturelles, socio\u00e9conomiques et sociopolitiques.<\/p>\n\n\n\n<p>Les colloques HyperUrbain proposent des r\u00e9flexions scientifiques et technologiques sur la ville en devenir, sur le plan architectural, artistique, communicationnel, informationnel, philosophique, politique, socio-\u00e9conomique, strat\u00e9gique, technique et urbanistique. Ces rencontres s\u2019adressent \u00e0 tous les acteurs qui \u00ab pensent \u00bb et \u00ab vivent \u00bb la ville \u00e0 l\u2019\u00e8re post-num\u00e9rique, qu\u2019ils soient administrateurs, architectes, artistes, chercheurs, \u00e9conomistes, philosophes, politiques, psychologues, sociologues, urbanistes ou visionnaires.<\/p>\n\n\n\n<p>Le terme HyperUrbain interroge les mutations territoriales engendr\u00e9es par les technologies num\u00e9riques selon une perspective pluri et transdisciplinaire.<\/p>\n\n\n\n<p>Depuis des ann\u00e9es, les dispositifs num\u00e9riques sont inclus dans les politiques publiques, comme facilitateurs de la mise en place d\u2019une \u00e9conomie cr\u00e9ative.<br>L\u2019\u00e9conomie cr\u00e9ative traduit la rencontre entre arts, sciences, technologies et industrie. En favorisant la transversalit\u00e9 entre secteurs d\u2019activit\u00e9, elle stimule l\u2019innovation et la comp\u00e9titivit\u00e9 en mati\u00e8re d\u2019offre de produits et services. Le concept de cr\u00e9ativit\u00e9 ne se limite pas seulement aux industries culturelles, cr\u00e9atives et de la communication, mais il concerne aussi les politiques de d\u00e9veloppement et d\u2019am\u00e9nagement des territoires. Dans ce cas, la cr\u00e9ativit\u00e9 se traduit par la mise en place d\u2019actions diverses : communicationnelles, organisationnelles, technologiques, artistiques, culturelles, urbanistiques, etc. ayant l\u2019objectif de r\u00e9duire les in\u00e9galit\u00e9s spatiales et soci\u00e9tales, et d\u2019inciter \u00e0 une forme d\u2019adh\u00e9sion de la part des citoyens, via des plateformes d\u2019interm\u00e9diation, par exemple. <a><\/a><\/p>\n\n\n\n<h2>HyperUrbain.9<\/h2>\n\n\n\n<p>Le terme \u00ab Data Cities \u00bb int\u00e8gre du postmodernisme, de l\u2019inventivit\u00e9, de l\u2019aventure et de la cr\u00e9ation. Du postmodernisme, dans le sens de Jencks ( Charles Jencks, \u00ab Le Langage de l&#8217;architecture postmoderne \u00bb (1979)), en proposant desruptures conceptuelles avec certaines pratiques et conceptions urbaines d\u2019une part et d\u2019autre part en faisant r\u00e9f\u00e9rence \u00e0 des nouveaux concepts issus de la science de donn\u00e9e (Data Science) pouvant enrichir l\u2019imaginaire urbain, tels que les concepts des r\u00e9seaux sociaux, l\u2019internet des objets (IOT), de la connectivit\u00e9, de la tra\u00e7abilit\u00e9, de l\u2019ubiquit\u00e9, etc.<br>Dans un contexte de villes des donn\u00e9es, c\u2019est-\u00e0-dire ville num\u00e9rique, l\u2019inventivit\u00e9 devient une pratique quotidienne faisant partie de la vie de la ville. Aujourd\u2019hui, tout habitant qui \u0153uvre dans le d\u00e9veloppement de la ville sociale, culturelle, artistique, \u00e9conomique ou politique, est \u00ab naturellement \u00bb invit\u00e9 \u00e0 inventer et\/ou \u00e0 renouveler continuellement ses pratiques et supports de communication, d\u2019information, de production, de partage, d\u2019\u00e9change et d\u2019existence.<br>Le concept de \u00ab villes des donn\u00e9es \u00bb \u00e9voque des interrogations, qui sont fortement et discr\u00e8tement, existentielles pouvant abolir de nombreux dogmes et fronti\u00e8res culturelles, philosophiques et \u00e9thiques relatifs \u00e0 la \u00ab Ville en devenir\u00bb (en tant qu\u2019\u0153uvre urbaine et architecturale).<br>HU9 aborde la question de la Ville Dirig\u00e9e par les Donn\u00e9es et ouvert \u00e0 toute contribution proposant des r\u00e9flexions et\/ou des r\u00e9alisation(s) dans les domaines suivants (liste non exhaustive) :<a><\/a><\/p>\n\n\n\n<ul>\n<li>Am\u00e9nagement de territoire hybride<\/li>\n\n\n\n<li>Approches d\u2019\u00e9criture et de lecture du territoire<\/li>\n\n\n\n<li>Cartographie num\u00e9rique<\/li>\n\n\n\n<li>Cr\u00e9ativit\u00e9 territoriale\n<ul>\n<li>Conception de l\u2019information et de la communication dans un espace urbain<\/li>\n\n\n\n<li>Conception d&#8217;objets communicants de la ville<\/li>\n\n\n\n<li>Design adaptatif pour une gestion intelligente de la ville<\/li>\n<\/ul>\n<\/li>\n\n\n\n<li>\u00c9ditorialisation des territoires<\/li>\n\n\n\n<li>Gouvernance du territoire et num\u00e9rique<\/li>\n\n\n\n<li>IA et mod\u00e9lisation multiscalaire des informations<\/li>\n\n\n\n<li>Image de marque des territoires et innovation<\/li>\n\n\n\n<li>Innovation territoriale\n<ul>\n<li>Interfaces g\u00e9ospatiales, modes de production de donn\u00e9es et g\u00e9otaggage<\/li>\n\n\n\n<li>Jeux de r\u00e9alit\u00e9 mixte ou jeux pervasifs comme formes d\u2019appropriations de la ville<\/li>\n<\/ul>\n<\/li>\n\n\n\n<li>Marketing territorial\n<ul>\n<li>M\u00e9diations num\u00e9rique et identit\u00e9s de la ville<\/li>\n<\/ul>\n<\/li>\n\n\n\n<li>Mod\u00e9lisation et visualisation des donn\u00e9es territoriales\n<ul>\n<li>Nouveaux syst\u00e8mes d\u2019information g\u00e9ographique (SIG)<\/li>\n\n\n\n<li>Pratiques et repr\u00e9sentations de la ville<\/li>\n\n\n\n<li>S\u00e9miotique temporelle de la ville<\/li>\n<\/ul>\n<\/li>\n\n\n\n<li>Technologies de sociabilit\u00e9 urbaine\n<ul>\n<li>Temporalit\u00e9s de la ville et des formes urbaines<\/li>\n<\/ul>\n<\/li>\n\n\n\n<li>Tourisme cr\u00e9atif\n<ul>\n<li>Urbanit\u00e9 Num\u00e9rique<\/li>\n\n\n\n<li>Ville Hybride<\/li>\n\n\n\n<li>Visualisation de donn\u00e9es urbaines<\/li>\n<\/ul>\n<\/li>\n<\/ul>\n\n\n\n<h2>Langues<\/h2>\n\n\n\n<p>Les langues officielles sont le fran\u00e7ais et l&#8217;anglais, pour les articles et les pr\u00e9sentations.<\/p>\n\n\n\n<h2>Calendrier et dates<\/h2>\n\n\n\n<p>Le calendrier pour les contributions scientifiques est le suivant :<\/p>\n\n\n\n<figure class=\"wp-block-table\"><table><tbody><tr><td><s>15 mars 2023<\/s><br>Prolongement pour le 31 mars<\/td><td>date limite d\u2019envoi du r\u00e9sum\u00e9. <strong>La soumission du r\u00e9sum\u00e9 se fait via la plateforme (Easychair, adresse \u00e0 copier dans la barre du navigateur) : https:\/\/easychair.org\/conferences\/?conf=hu9<\/strong><\/td><\/tr><tr><td>15 avril 2023<\/td><td>notification d\u2019acceptation des r\u00e9sum\u00e9s<\/td><\/tr><tr><td>15 avril 2023<\/td><td>ouverture de l\u2019inscription au colloque<\/td><\/tr><tr><td>15 juin 2023<\/td><td>date limite d\u2019envoi du papier complet (en version num\u00e9rique)<\/td><\/tr><tr><td>10 juillet 2023<\/td><td>date limite d\u2019inscription au tarif pr\u00e9f\u00e9rentiel<\/td><\/tr><tr><\/tr><\/tbody><\/table><\/figure>\n\n\n\n<h2>Evaluation des propositions et publication<\/h2>\n\n\n\n<p>L\u2019ensemble des contributions retenues sera regroup\u00e9 dans un document num\u00e9rique (actes num\u00e9riques) qui sera distribu\u00e9 aux participants lors du colloque.<\/p>\n\n\n\n<p>A la suite du colloque, les textes complets soumis, seront expertis\u00e9s une deuxi\u00e8me fois en double-aveugle, et feront l\u2019objet d&#8217;une s\u00e9lection et une publication sous forme d\u2019ouvrage collectif par les \u00e9ditions Europia, Paris, France<a><\/a><\/p>\n\n\n\n<h2>Guide \u00e0 la soumission des r\u00e9sum\u00e9s et des articles<\/h2>\n\n\n\n<p>RESUME : Les auteurs soumettront un r\u00e9sum\u00e9 maximum 5000 caract\u00e8res, espaces compris, police de caract\u00e8re \u00abTimes \u00bb, taille 12, en simple interligne, int\u00e9grant une bibliographie. Les r\u00e9sum\u00e9s sont \u00e0 d\u00e9poser sur le site de soumission Easychair.<br>L\u2019\u00e9valuation des r\u00e9sum\u00e9s se fera par le comit\u00e9 scientifiques. Un avis sera donn\u00e9 pour une communication orale au colloque.<br><strong>La soumission du r\u00e9sum\u00e9 se fait via la plateforme (Easychair, adresse \u00e0 copier dans la barre du navigateur) : https:\/\/easychair.org\/conferences\/?conf=hu9<\/strong><\/p>\n\n\n\n<p>TEXTE COMPLET : Le texte complet de la communication sera \u00e0 remettre \u00e0 la suite de l\u2019acceptation du r\u00e9sum\u00e9, selon le calendrier du colloque, pour une \u00e9valuation en double aveugle. Le comit\u00e9 scientifique s\u00e9lectionnera les meilleurs textes pour une publication en ouvrage collectif.<a><\/a><\/p>\n\n\n\n<h2>Organisation scientifique<\/h2>\n\n\n\n<ul>\n<li>Khaldoun ZREIK, Paragraphe, Universit\u00e9 Paris 8 | CY Cergy-Paris Universit\u00e9, France<\/li>\n\n\n\n<li>Ali RACHIDI, FSA, Ait Melloul, Maroc<\/li>\n\n\n\n<li>Nasreddine BOUHAI, Paragraphe, Universit\u00e9 Paris 8 | CY Cergy-Paris Universit\u00e9, France<\/li>\n<\/ul>\n\n\n\n<h2>Comit\u00e9 scientifique<\/h2>\n\n\n\n<ul>\n<li>Naoufel ABBES, \u00c9cole Sup\u00e9rieure des Sciences et Technologies du Design, Universit\u00e9 de Manouba, Tunis, Tunisie<\/li>\n\n\n\n<li>Hassan AIT HADDOU, \u00c9cole Nationale Sup\u00e9rieure d\u2019Architecture de Montpellier, Laboratoire LIFAM, France<\/li>\n\n\n\n<li>Julien ANGELINI , Universit\u00e0 di Corsica Pasquale Paoli, France<\/li>\n\n\n\n<li>Fran\u00e7oise ALBERTNI, Universit\u00e0 di Corsica Pasquale Paoli, France<\/li>\n\n\n\n<li>Roberto BARTHOLO, Universit\u00e9 F\u00e9d\u00e9rale de Rio de Janeiro, Br\u00e9sil<\/li>\n\n\n\n<li>Vincent BECUE, Universit\u00e9 de Mons, Belgique<\/li>\n\n\n\n<li>Omar BLIBECH, Gulf University, College of Engineering, Kingdom of Bahrain<\/li>\n\n\n\n<li>Nasreddine BOUHAI, Paragraphe, Universit\u00e9 Paris 8 | CY Cergy-Paris Universit\u00e9, France<\/li>\n\n\n\n<li>Hafida BOULEKBACHE-MAZOUZ, Universit\u00e9 Polytechnique Hauts-de-France, France<\/li>\n\n\n\n<li>Antonio CAPESTRO, DIDA, Universit\u00e9 de Florence, Italie<\/li>\n\n\n\n<li>Ghislaine CHABERT, Elico, Lyon, France<\/li>\n\n\n\n<li>Didier COURBET, IMSIC, Aix Marseille University, France<\/li>\n\n\n\n<li>Natacha CYRULNIK, Aix Marseille Universit\u00e9, France<\/li>\n\n\n\n<li>Azdine DLIOU, FSA, Ait Melloul, Maroc<\/li>\n\n\n\n<li>Emmanuel EVENO, universit\u00e9 de Toulouse 2, France<\/li>\n\n\n\n<li>Hammou FADILI, Fondation Maison des sciences de l&#8217;homme (FMSH), France<\/li>\n\n\n\n<li>Abdelkrim HAQIQ, Universit\u00e9 Hassan 1st, FST, Maroc<\/li>\n\n\n\n<li>Jacques IBANEZ BUENO, Universit\u00e9 de Savoie Mont Blanc, France<\/li>\n\n\n\n<li>Ayoub KADIM, FSA, Ait Melloul, Maroc<\/li>\n\n\n\n<li>Panagiotis KYRIAKOULAKOS, University of the Aegean, Greece<\/li>\n\n\n\n<li>Yasmine LAMARI, FSA, Ait Melloul, Maroc<\/li>\n\n\n\n<li>Alain LAMBOUX-DURAND, Universit\u00e9 de Franche-Comt\u00e9, France<\/li>\n\n\n\n<li>Patrizia LAUDATI, SicLab M\u00e9diterran\u00e9e, EUR CREATES, Universit\u00e9 C\u00f4te d\u2019Azur, France<\/li>\n\n\n\n<li>Sylvie LELEU-MERVIEL, Universit\u00e9 Polytechnique Hauts-de-France, France<\/li>\n\n\n\n<li>Vincent MEYER, universit\u00e9 Cote d&#8217;Azur, France<\/li>\n\n\n\n<li>Hassa OUAHI , FSA, Ait Melloul, Maroc<\/li>\n\n\n\n<li>Cinzia PALUMBO, CISDU,&nbsp;Centro Internazionale di Studi sul Disegno Urbano Firenze, Italie<\/li>\n\n\n\n<li>Ali RACHIDI, FSA, Ait Melloul, Maroc<\/li>\n\n\n\n<li>Franck RENUCCI, Universit\u00e9 de Toulon, France<\/li>\n\n\n\n<li>Imad SALEH, Paragraphe, Universit\u00e9 Paris 8 | CY Cergy-Paris Universit\u00e9, France<\/li>\n\n\n\n<li>Anis SEMLALI, American University of Ras Al Khaimah, UAE<\/li>\n\n\n\n<li>Modestos STAVRAKIS, University of the Aegean, Greece<\/li>\n\n\n\n<li>Parthasarathy SUBASHINI, Universit\u00e9 Avinashilingam, Inde<\/li>\n\n\n\n<li>Marc TANTI, Aix-Marseille Universit\u00e9, France<\/li>\n\n\n\n<li>Antonella TUFANO, Universit\u00e9 de Paris la Sorbonne, France<\/li>\n\n\n\n<li>Marc VEYRAT, Paragraphe, Universit\u00e9 Paris 8 | CY Cergy-Paris Universit\u00e9, France<\/li>\n\n\n\n<li>Khalid ZEBBARA, FSA, Ait Melloul, Maroc<\/li>\n\n\n\n<li>Khaldoun ZREIK, Paragraphe, Universit\u00e9 Paris 8 | CY Cergy-Paris Universit\u00e9, France<\/li>\n<\/ul>\n\n\n\n<h2>Comit\u00e9 d&#8217;organisation local<\/h2>\n\n\n\n<ul>\n<li>Ali RACHIDI, FSA, Ait Melloul, Maroc<\/li>\n\n\n\n<li>Yasmine LAMARI, FSA, Ait Melloul, Maroc<\/li>\n\n\n\n<li>Ayoub KADIM, FSA, Ait Melloul, Maroc<\/li>\n<\/ul>\n\n\n\n<h2>Contact principal<\/h2>\n\n\n\n<p>info<img decoding=\"async\" src=\"https:\/\/i0.wp.com\/thyp.univ-paris8.fr\/hu.9\/images\/@.png?w=11\"  data-recalc-dims=\"1\">hyperurbain.org<\/p>\n\n\n\n<p><\/p>\n","protected":false},"excerpt":{"rendered":"<p>[Date limite de soumission de r\u00e9sum\u00e9s est prolong\u00e9e au 31 mars 2023 sur http:\/\/hu9.hyperurbain.org] Ville Dirig\u00e9e par les Donn\u00e9es 23 au 25 nomvenbre 2023 Facult\u00e9 des Sciences Appliqu\u00e9es d&#8217;Ait MelloulUniversit\u00e9 Ibn Zohr, Agadir, Maroc http:\/\/hu9.hyperurbain.org Organis\u00e9 par : Facult\u00e9 des Sciences Appliqu\u00e9es d&#8217;Ait MelloulUniversit\u00e9 Ibn Zohr Agadir, Maroc Laboratoire ParagrapheUniversit\u00e9 de Paris 8 | GY &hellip;<\/p>\n","protected":false},"author":7,"featured_media":0,"comment_status":"open","ping_status":"open","sticky":false,"template":"","format":"standard","meta":[],"categories":[11,9],"tags":[],"jetpack_featured_media_url":"","jetpack-related-posts":[{"id":972,"url":"https:\/\/citu-paragraphe.fr\/index.php\/2016\/06\/15\/conference-invitee-pr-alain-berthoz-jeudi-16-juin-a-10h-espace-deleuze\/","url_meta":{"origin":4375,"position":0},"title":"Conf\u00e9rence invit\u00e9e Pr. Alain Berthoz jeudi 16 juin \u00e0 10h &#8211; Espace Deleuze","author":"Pierre Ch\u00e2tel-Innocenti","date":"15 juin 2016","format":false,"excerpt":"Le Professeur Alain Berthoz du Coll\u00e8ge de France, qui collabore avec l'\u00e9quipe CITU-Paragraphe dans le cadre du projet de recherche DualCorps, vient\u00a0faire une pr\u00e9sentation de son travail de recherche jeudi 16 juin \u00e0 10h \u00e0 l'espace Deleuze (salle des th\u00e8ses). Le sujet de l'intervention (1h de pr\u00e9sentation + discussion) du\u2026","rel":"","context":"Dans &quot;Colloques&quot;","block_context":{"text":"Colloques","link":"https:\/\/citu-paragraphe.fr\/index.php\/category\/colloque\/"},"img":{"alt_text":"plan au sol","src":"https:\/\/i0.wp.com\/citu-paragraphe.fr\/wp-content\/uploads\/2016\/06\/jpg_plan-batiments-paris8.jpg?resize=350%2C200","width":350,"height":200,"srcset":"https:\/\/i0.wp.com\/citu-paragraphe.fr\/wp-content\/uploads\/2016\/06\/jpg_plan-batiments-paris8.jpg?resize=350%2C200 1x, https:\/\/i0.wp.com\/citu-paragraphe.fr\/wp-content\/uploads\/2016\/06\/jpg_plan-batiments-paris8.jpg?resize=525%2C300 1.5x, https:\/\/i0.wp.com\/citu-paragraphe.fr\/wp-content\/uploads\/2016\/06\/jpg_plan-batiments-paris8.jpg?resize=700%2C400 2x"},"classes":[]},{"id":923,"url":"https:\/\/citu-paragraphe.fr\/index.php\/2016\/05\/25\/la-fabrique-numerique-festival-bains-numeriques-23-juin-2016\/","url_meta":{"origin":4375,"position":1},"title":"La Fabrique num\u00e9rique &#8211; Festival Bains num\u00e9riques &#8211; 2&#038;3 juin 2016","author":"Pierre Ch\u00e2tel-Innocenti","date":"25 mai 2016","format":false,"excerpt":"Salon de 700m2 d\u00e9di\u00e9 aux nouvelles technologies 2 au 3 juin 2016 ENTREE LIBRE Venez exp\u00e9rimenter des produits innovants et d\u00e9couvrir de nouvelles tendances ! R\u00e9alit\u00e9 augment\u00e9e, r\u00e9alit\u00e9 virtuelle, robotique, imprimantes 3D, objets connect\u00e9s. Au croisement des arts, des sciences et des technologies, partez \u00e0 la d\u00e9couverte de projets d\u2019artistes,\u2026","rel":"","context":"Dans &quot;Colloques&quot;","block_context":{"text":"Colloques","link":"https:\/\/citu-paragraphe.fr\/index.php\/category\/colloque\/"},"img":{"alt_text":"13232870_1271343262894336_4131181063046560987_n","src":"https:\/\/i0.wp.com\/citu-paragraphe.fr\/wp-content\/uploads\/2016\/05\/13232870_1271343262894336_4131181063046560987_n.jpg?resize=350%2C200","width":350,"height":200,"srcset":"https:\/\/i0.wp.com\/citu-paragraphe.fr\/wp-content\/uploads\/2016\/05\/13232870_1271343262894336_4131181063046560987_n.jpg?resize=350%2C200 1x, https:\/\/i0.wp.com\/citu-paragraphe.fr\/wp-content\/uploads\/2016\/05\/13232870_1271343262894336_4131181063046560987_n.jpg?resize=525%2C300 1.5x, https:\/\/i0.wp.com\/citu-paragraphe.fr\/wp-content\/uploads\/2016\/05\/13232870_1271343262894336_4131181063046560987_n.jpg?resize=700%2C400 2x"},"classes":[]},{"id":4388,"url":"https:\/\/citu-paragraphe.fr\/index.php\/2023\/03\/28\/seminaire-art-et-art-numerique-a-lere-de-lia\/","url_meta":{"origin":4375,"position":2},"title":"Symposium Art et Art Num\u00e9rique \u00e0 l\u2019\u00e8re de l\u2019IA","author":"Nasreddine Bouhai","date":"28 mars 2023","format":false,"excerpt":"Dans le cadre du Centenaire de Pol Bury La Louvi\u00e8re \u2013 Centrissime \u2014 27, 28 avril 2023 Parcours r\u00e9alit\u00e9 augment\u00e9e en ville ] P P P [ - XR BURY 26 > 14 mai Pr\u00e9sentation \u00c0 l\u2019occasion du centenaire de la naissance de Pol Bury, le laboratoire Paragraphe (axe CiTu)\u2026","rel":"","context":"Dans &quot;S\u00e9minaires&quot;","block_context":{"text":"S\u00e9minaires","link":"https:\/\/citu-paragraphe.fr\/index.php\/category\/seminaires\/"},"img":{"alt_text":"","src":"https:\/\/i0.wp.com\/citu-paragraphe.fr\/wp-content\/uploads\/2023\/03\/louviere.jpg?resize=350%2C200&ssl=1","width":350,"height":200,"srcset":"https:\/\/i0.wp.com\/citu-paragraphe.fr\/wp-content\/uploads\/2023\/03\/louviere.jpg?resize=350%2C200&ssl=1 1x, https:\/\/i0.wp.com\/citu-paragraphe.fr\/wp-content\/uploads\/2023\/03\/louviere.jpg?resize=525%2C300&ssl=1 1.5x, https:\/\/i0.wp.com\/citu-paragraphe.fr\/wp-content\/uploads\/2023\/03\/louviere.jpg?resize=700%2C400&ssl=1 2x, https:\/\/i0.wp.com\/citu-paragraphe.fr\/wp-content\/uploads\/2023\/03\/louviere.jpg?resize=1050%2C600&ssl=1 3x"},"classes":[]},{"id":1008,"url":"https:\/\/citu-paragraphe.fr\/index.php\/2016\/10\/14\/computer-art-congress-2016-cac-5-26-28-octobre-2016-msh-paris-nord\/","url_meta":{"origin":4375,"position":3},"title":"Computer Art Congress 2016 [ CAC.5 ] &#8211; 26-28 octobre 2016 @ MSH Paris Nord","author":"Pierre Ch\u00e2tel-Innocenti","date":"14 octobre 2016","format":false,"excerpt":"CAC.5 propose une r\u00e9flexion sur l\u2019\u0153uvre d\u2019art comme un objet mat\u00e9riel, ainsi qu\u2019aux processus complexes entourant une \u0153uvre d\u2019art. CAC.5 interroge les supports \u00ab mat\u00e9riel \u00bb qui donnent forme \u00e0 une \u0153uvre d\u2019art ; les m\u00e9thodes d\u2019archives que les artistes, conservateurs, collectionneurs et institutions emploient dans leur pratique ; le\u2026","rel":"","context":"Dans &quot;Colloques&quot;","block_context":{"text":"Colloques","link":"https:\/\/citu-paragraphe.fr\/index.php\/category\/colloque\/"},"img":{"alt_text":"","src":"https:\/\/i0.wp.com\/citu-paragraphe.fr\/wp-content\/uploads\/2016\/10\/evenement-computer-art-congress-affiche-213x300.jpg?resize=350%2C200","width":350,"height":200},"classes":[]},{"id":5687,"url":"https:\/\/citu-paragraphe.fr\/index.php\/2023\/11\/15\/9eme-edition-du-colloque-hyperurbain\/","url_meta":{"origin":4375,"position":4},"title":"9\u00e8me \u00e9dition du colloque HyperUrbain","author":"Nasreddine Bouhai","date":"15 novembre 2023","format":false,"excerpt":"Ville Dirig\u00e9e par les Donn\u00e9es Facult\u00e9 des Sciences Appliqu\u00e9es d'Ait MelloulUniversit\u00e9 Ibn Zohr, Agadir, Maroc 23 au 25 novembre 2023 Web : http:\/\/hu9.hyperurbain.org\/","rel":"","context":"Dans &quot;Colloques&quot;","block_context":{"text":"Colloques","link":"https:\/\/citu-paragraphe.fr\/index.php\/category\/colloque\/"},"img":{"alt_text":"","src":"https:\/\/i0.wp.com\/citu-paragraphe.fr\/wp-content\/uploads\/2023\/11\/hu.jpg?resize=350%2C200&ssl=1","width":350,"height":200,"srcset":"https:\/\/i0.wp.com\/citu-paragraphe.fr\/wp-content\/uploads\/2023\/11\/hu.jpg?resize=350%2C200&ssl=1 1x, https:\/\/i0.wp.com\/citu-paragraphe.fr\/wp-content\/uploads\/2023\/11\/hu.jpg?resize=525%2C300&ssl=1 1.5x, https:\/\/i0.wp.com\/citu-paragraphe.fr\/wp-content\/uploads\/2023\/11\/hu.jpg?resize=700%2C400&ssl=1 2x"},"classes":[]},{"id":560,"url":"https:\/\/citu-paragraphe.fr\/index.php\/2016\/01\/04\/voeux-2016\/","url_meta":{"origin":4375,"position":5},"title":"Voeux 2016","author":"Pierre Ch\u00e2tel-Innocenti","date":"4 janvier 2016","format":false,"excerpt":"Au nom de toute l'\u00e9quipe CiTu-Paragraphe, nous vous souhaitons nos meilleurs voeux - et de fructueuses collaborations scientifiques - pour l'ann\u00e9e 2016 qui commence ! Original Snow Globe design by Layerace - Freepik.com Pour les membres de l'\u00e9quipe, fichiers Illustrator et jpg de la carte de voeux \u00e0 r\u00e9utiliser dans\u2026","rel":"","context":"Dans &quot;Non class\u00e9&quot;","block_context":{"text":"Non class\u00e9","link":"https:\/\/citu-paragraphe.fr\/index.php\/category\/non-classe\/"},"img":{"alt_text":"carte_voeux_citu","src":"https:\/\/i0.wp.com\/citu-paragraphe.fr\/wp-content\/uploads\/2016\/01\/carte_voeux_citu.jpg?resize=350%2C200","width":350,"height":200,"srcset":"https:\/\/i0.wp.com\/citu-paragraphe.fr\/wp-content\/uploads\/2016\/01\/carte_voeux_citu.jpg?resize=350%2C200 1x, https:\/\/i0.wp.com\/citu-paragraphe.fr\/wp-content\/uploads\/2016\/01\/carte_voeux_citu.jpg?resize=525%2C300 1.5x, https:\/\/i0.wp.com\/citu-paragraphe.fr\/wp-content\/uploads\/2016\/01\/carte_voeux_citu.jpg?resize=700%2C400 2x"},"classes":[]}],"_links":{"self":[{"href":"https:\/\/citu-paragraphe.fr\/index.php\/wp-json\/wp\/v2\/posts\/4375"}],"collection":[{"href":"https:\/\/citu-paragraphe.fr\/index.php\/wp-json\/wp\/v2\/posts"}],"about":[{"href":"https:\/\/citu-paragraphe.fr\/index.php\/wp-json\/wp\/v2\/types\/post"}],"author":[{"embeddable":true,"href":"https:\/\/citu-paragraphe.fr\/index.php\/wp-json\/wp\/v2\/users\/7"}],"replies":[{"embeddable":true,"href":"https:\/\/citu-paragraphe.fr\/index.php\/wp-json\/wp\/v2\/comments?post=4375"}],"version-history":[{"count":14,"href":"https:\/\/citu-paragraphe.fr\/index.php\/wp-json\/wp\/v2\/posts\/4375\/revisions"}],"predecessor-version":[{"id":4443,"href":"https:\/\/citu-paragraphe.fr\/index.php\/wp-json\/wp\/v2\/posts\/4375\/revisions\/4443"}],"wp:attachment":[{"href":"https:\/\/citu-paragraphe.fr\/index.php\/wp-json\/wp\/v2\/media?parent=4375"}],"wp:term":[{"taxonomy":"category","embeddable":true,"href":"https:\/\/citu-paragraphe.fr\/index.php\/wp-json\/wp\/v2\/categories?post=4375"},{"taxonomy":"post_tag","embeddable":true,"href":"https:\/\/citu-paragraphe.fr\/index.php\/wp-json\/wp\/v2\/tags?post=4375"}],"curies":[{"name":"wp","href":"https:\/\/api.w.org\/{rel}","templated":true}]}}