{"id":4383,"date":"2023-03-15T14:25:35","date_gmt":"2023-03-15T13:25:35","guid":{"rendered":"https:\/\/citu-paragraphe.fr\/?p=4383"},"modified":"2023-05-05T16:55:45","modified_gmt":"2023-05-05T15:55:45","slug":"17eme-edition-de-la-conference-internationale-h2ptm2023","status":"publish","type":"post","link":"https:\/\/citu-paragraphe.fr\/index.php\/2023\/03\/15\/17eme-edition-de-la-conference-internationale-h2ptm2023\/","title":{"rendered":"17\u00e8me \u00e9dition de la Conf\u00e9rence internationale H2PTM&#8217;2023"},"content":{"rendered":"\n<p class=\"has-vivid-red-color has-text-color has-small-font-size\"><strong>[Date limite de soumission de textes complets  le 16 avril (repouss\u00e9e \u00e0 dimanche 23 avril, suite \u00e0 des difficult\u00e9s techniques pour le d\u00e9p\u00f4t des textes complet) (voir http:\/\/h2ptm.univ-paris8.fr\/)]<\/strong><\/p>\n\n\n<div class=\"wp-block-image\">\n<figure class=\"aligncenter size-full\"><a href=\"https:\/\/i0.wp.com\/citu-paragraphe.fr\/wp-content\/uploads\/2023\/03\/illustration.png?ssl=1\"><img decoding=\"async\" loading=\"lazy\" width=\"620\" height=\"189\" src=\"https:\/\/i0.wp.com\/citu-paragraphe.fr\/wp-content\/uploads\/2023\/03\/illustration.png?resize=620%2C189&#038;ssl=1\" alt=\"\" class=\"wp-image-4384\" srcset=\"https:\/\/i0.wp.com\/citu-paragraphe.fr\/wp-content\/uploads\/2023\/03\/illustration.png?w=782&amp;ssl=1 782w, https:\/\/i0.wp.com\/citu-paragraphe.fr\/wp-content\/uploads\/2023\/03\/illustration.png?resize=300%2C92&amp;ssl=1 300w, https:\/\/i0.wp.com\/citu-paragraphe.fr\/wp-content\/uploads\/2023\/03\/illustration.png?resize=768%2C235&amp;ssl=1 768w\" sizes=\"(max-width: 620px) 100vw, 620px\" data-recalc-dims=\"1\" \/><\/a><\/figure><\/div>\n\n<div class=\"wp-block-image\">\n<figure class=\"aligncenter size-full\"><a href=\"https:\/\/i0.wp.com\/citu-paragraphe.fr\/wp-content\/uploads\/2023\/03\/h2ptm2023.png?ssl=1\"><img decoding=\"async\" loading=\"lazy\" width=\"525\" height=\"156\" src=\"https:\/\/i0.wp.com\/citu-paragraphe.fr\/wp-content\/uploads\/2023\/03\/h2ptm2023.png?resize=525%2C156&#038;ssl=1\" alt=\"\" class=\"wp-image-4385\" srcset=\"https:\/\/i0.wp.com\/citu-paragraphe.fr\/wp-content\/uploads\/2023\/03\/h2ptm2023.png?w=525&amp;ssl=1 525w, https:\/\/i0.wp.com\/citu-paragraphe.fr\/wp-content\/uploads\/2023\/03\/h2ptm2023.png?resize=300%2C89&amp;ssl=1 300w\" sizes=\"(max-width: 525px) 100vw, 525px\" data-recalc-dims=\"1\" \/><\/a><\/figure><\/div>\n\n\n<h4>17\u00e8me \u00e9dition de la Conf\u00e9rence internationale<\/h4>\n\n\n\n<h3>La fabrique du sens \u00e0 l\u2019\u00e8re de l\u2019information num\u00e9rique : enjeux et d\u00e9fis<\/h3>\n\n\n\n<h4>18, 19 et 20 octobre 2023<\/h4>\n\n\n\n<h4>Valenciennes &#8211; Arenberg Creative Mine<\/h4>\n\n\n\n<p><a href=\"http:\/\/h2ptm.univ-paris8.fr\/\">http:\/\/h2ptm.univ-paris8.fr\/<\/a><\/p>\n\n\n\n<h4>Organis\u00e9e par :<\/h4>\n\n\n\n<figure class=\"wp-block-table\"><table><tbody><tr><td>Laboratoire LARSH, d\u00e9partement DeVisu<br>Universit\u00e9 Polytechnique Hauts-de-France<\/td><td><img decoding=\"async\" src=\"https:\/\/i0.wp.com\/h2ptm.univ-paris8.fr\/images\/logo-larsh.png?w=160\" alt=\"DeVisu-LARSH\"  data-recalc-dims=\"1\"><\/td><\/tr><tr><td>Laboratoire Paragraphe<br>Universit\u00e9 de Paris 8 | GY Cergy Universit\u00e9<\/td><td><img decoding=\"async\" src=\"https:\/\/i0.wp.com\/h2ptm.univ-paris8.fr\/images\/paragraphe.png?w=160\" alt=\"PARAGRAPHE\"  data-recalc-dims=\"1\"><\/td><\/tr><\/tbody><\/table><\/figure>\n\n\n\n<h4>Parrain\u00e9e par :<\/h4>\n\n\n\n<figure class=\"wp-block-table\"><table><tbody><tr><td>Laboratoire Edition, Langages, Litt\u00e9ratures, Informatique, Arts, Didactiques, Discours (ELLIADD)<br>Universit\u00e9 de Franche-Comte \u2013 Montb\u00e9liard<\/td><td><img decoding=\"async\" src=\"https:\/\/i0.wp.com\/h2ptm.univ-paris8.fr\/images\/elliadd.jpg?w=160\" alt=\"ELLIADD\"  data-recalc-dims=\"1\"><\/td><\/tr><tr><td>Centre de Recherche sur les M\u00e9diations (CREM)<br>Universit\u00e9 de Lorraine<\/td><td><img decoding=\"async\" src=\"https:\/\/i0.wp.com\/h2ptm.univ-paris8.fr\/images\/crem.png?w=160\" alt=\"CREM\"  data-recalc-dims=\"1\"><\/td><\/tr><tr><td>\u00c9quipe Dispositifs d\u2019Information et de Communication \u00e0 l\u2019\u00c8re du Num\u00e9rique (DICEN)<br>CNAM-Paris<\/td><td><img decoding=\"async\" src=\"https:\/\/i0.wp.com\/h2ptm.univ-paris8.fr\/images\/dicen-idf.jpg?w=160\" alt=\"DICEN-IDF\"  data-recalc-dims=\"1\"><\/td><\/tr><\/tbody><\/table><\/figure>\n\n\n\n<h4>En partenariat avec :<\/h4>\n\n\n\n<figure class=\"wp-block-table\"><table><tbody><tr><td>ISTE Editions<\/td><td><img decoding=\"async\" src=\"https:\/\/i0.wp.com\/h2ptm.univ-paris8.fr\/images\/iste.png?w=160\" alt=\"ISTE\"  data-recalc-dims=\"1\"><\/td><\/tr><\/tbody><\/table><\/figure>\n\n\n\n<p><a><\/a><\/p>\n\n\n\n<h2>H2PTM 2023<\/h2>\n\n\n\n<p>\u00c9v\u00e9nement scientifique bisannuel depuis 1989, la conf\u00e9rence internationale H2PTM arrive \u00e0 sa 17\u00e8me \u00e9dition. H2PTM\u201923 est de retour \u00e0 Valenciennes, o\u00f9 s\u2019\u00e9tait d\u00e9j\u00e0 tenue la conf\u00e9rence H2PTM\u201901 en 2001 et la conf\u00e9rence H2PTM\u201917 en 2017. Elle se tiendra les 18, 19 et 20 octobre 2023 \u00e0 Arenberg Creative Mine, et r\u00e9unira des chercheurs fran\u00e7ais et internationaux pour rendre compte des derniers avancements de la recherche et du d\u00e9veloppement des hypertextes et hyperm\u00e9dias dans des domaines vari\u00e9s.<\/p>\n\n\n\n<p>Fid\u00e8le \u00e0 l\u2019esprit pionnier de ses d\u00e9buts, H2PTM propose un terrain d\u2019\u00e9change f\u00e9cond entre les recherches issues des sciences de l\u2019information et de la communication, de l\u2019informatique, de la s\u00e9miotique, de l\u2019art et des sciences cognitives. Dans la lign\u00e9e des pr\u00e9c\u00e9dentes \u00e9ditions, H2PTM\u201923 poursuit donc la valorisation des recherches sur les hypertextes et les hyperm\u00e9dias. Outre les th\u00e8mes r\u00e9currents qui constituent la trame des conf\u00e9rences H2PTM \u2013 m\u00e9thodes et mod\u00e8les de conception, exp\u00e9rimentations, etc. \u2013, cette dix-septi\u00e8me \u00e9dition propose un \u00e9clairage plus approfondi sur la fabrique du sens, ses processus, ses territoires, ses acteurs humains ou non, \u00e0 l\u2019heure o\u00f9 l\u2019on sait qu\u2019Internet et les r\u00e9seaux sociaux y contribuent plus que tout autre support, pour le meilleur et parfois pour le pire.<\/p>\n\n\n\n<p>En effet, depuis leur \u00e9mergence dans le vocabulaire scientifique, les \u00ab&nbsp;hypertextes et hyperm\u00e9dias&nbsp;\u00bb ont chang\u00e9 de visage. La large diffusion de la pratique des r\u00e9seaux num\u00e9riques dans la soci\u00e9t\u00e9 a impact\u00e9 chacun de ses membres. Du professionnel (journaliste, web designer, auteur\u2026) aux citoyens de tous horizons, y compris les plus jeunes et le tr\u00e8s grand \u00e2ge, chacun vit aujourd\u2019hui dans la connexion permanente que permet la multiplication des outils num\u00e9riques, fixes et nomades. L\u2019acc\u00e8s aux m\u00e9dias et \u00e0 l\u2019information s\u2019y est vu \u00e9largi et transform\u00e9. De nouveaux canaux sont apparus \u00e0 c\u00f4t\u00e9 des m\u00e9dias traditionnels, lesquels ont tous d\u00e9clin\u00e9 et \u00e9largi leur offre sur les r\u00e9seaux et plates-formes. En outre, chaque individu connect\u00e9 \u00e9met \u00e9galement des contenus et messages, brouillant ainsi la fronti\u00e8re entre activit\u00e9 professionnelle et participation citoyenne. De fait, les \u00e9volutions technologiques et le d\u00e9veloppement d\u2019outils d\u2019aide \u00e0 la cr\u00e9ation, \u00e0 la publication et \u00e0 la circulation de l\u2019information pour les professionnels et les amateurs (Web participatif) ouvrent de nouvelles perspectives propices \u00e0 la fabrication inventive, \u00e0 la stimulation des imaginaires culturels, sociaux et artistiques, \u00e0 des usages cr\u00e9atif, ludique, politique et plus g\u00e9n\u00e9ralement \u00e0 la mise en \u0153uvre de nouvelles formes de communication, de m\u00e9diations et d\u2019expression individuelle et collective.<\/p>\n\n\n\n<p>Ainsi, la cr\u00e9ation, l\u2019\u00e9mergence, la circulation sociale et le d\u00e9bat, consensuel ou contradictoire, autour de contenus partageables, que l\u2019on identifie \u00e0 la \u00ab&nbsp;fabrique du sens&nbsp;\u00bb, se sont-ils vus boulevers\u00e9s par l\u2019information num\u00e9rique.<\/p>\n\n\n\n<p>La red\u00e9finition du partage des r\u00f4les entre producteur et consommateur\/usager de l\u2019information, la multiplication et la diversification des sources d\u2019information au sein d\u2019un \u00e9cosyst\u00e8me structur\u00e9 par les plateformes num\u00e9riques domin\u00e9es par les GAFAM font aussi de cet espace un vecteur d\u2019expansion du d\u00e9sordre informationnel. Des contenus scientifiques les plus rigoureux aux contre-v\u00e9rit\u00e9s les plus flagrantes en passant par les tentatives manipulatoires les plus \u00e9hont\u00e9es, tout semble mis \u00e0 plat, \u00e9galement accessible et de valeur apparemment semblable. Cependant, la relation \u00e0 l\u2019information n\u2019est pas seulement prise en \u00e9tau entre les puissances du faux et la faiblesse du vrai. Sa compr\u00e9hension exige de mieux saisir les contextes culturels et sociaux o\u00f9 elle se d\u00e9ploie et ce que ces pratiques informationnelles r\u00e9v\u00e8lent des dynamiques de fabrique de sens qui traversent l\u2019espace public num\u00e9rique.<\/p>\n\n\n\n<p>Les d\u00e9fis soci\u00e9taux sont majeurs. Souvent per\u00e7ues comme des menaces, ces \u00e9volutions confrontent nos soci\u00e9t\u00e9s \u00e0 des controverses dont les enjeux principaux touchent la r\u00e9gulation des contenus jug\u00e9s n\u00e9fastes, la gouvernance des plateformes et la sauvegarde de la libert\u00e9 d\u2019expression. D\u2019o\u00f9 la volont\u00e9 de ne pas se limiter \u00e0 une analyse des ressources et des services, mais la n\u00e9cessit\u00e9 de chercher en parall\u00e8le \u00e0 mieux circonscrire comment les documents consult\u00e9s font sens aupr\u00e8s de l\u2019usager, et comment ils font soci\u00e9t\u00e9 aupr\u00e8s des groupes. La fabrique du sens peut en outre \u00eatre envisag\u00e9e au croisement de plusieurs points de vue&nbsp;: celui du concepteur\/designer qui projette une intentionnalit\u00e9 dans sa cr\u00e9ation, celui du r\u00e9cepteur qui donne sens \u00e0 ce qu\u2019il consulte et transforme, celui de l\u2019instance de r\u00e9gulation qui tente de circonscrire la production de sens, le tout pris dans l\u2019\u00e9cheveau des m\u00e9diations computationnelles plac\u00e9es au c\u0153ur des dispositifs num\u00e9riques.<\/p>\n\n\n\n<p>Divers domaines sont concern\u00e9s : par exemple, la sant\u00e9, les politiques publiques, le journalisme d\u2019investigation, l\u2019\u00e9ducation et la formation, les industries culturelles et cr\u00e9atives, la recherche scientifique, et notamment les SHS. Les techniques computationnelles \u00e9mergentes, telles que l\u2019intelligence artificielle (IA) et le deep-learning, permettent maintenant de traiter d\u2019\u00e9normes masses de donn\u00e9es et d\u2019innombrables traces num\u00e9riques (\u00ab big data \u00bb). Mais elles affectent simultan\u00e9ment l\u2019ensemble des usages et pratiques du num\u00e9rique et font ainsi \u00e9merger des enjeux cognitifs et soci\u00e9taux in\u00e9dits, reformulant \u00e0 nouveaux frais les questionnements quant \u00e0 notre rapport \u00e0 la technique. Ainsi, \u00e0 l\u2019oppos\u00e9 de la croyance en un solutionnisme technologique, des discours technocritiques d\u00e9noncent, entre autres, les d\u00e9rives de la quantification de nos soci\u00e9t\u00e9s comme base de d\u00e9cision des politiques publiques, la transparence probl\u00e9matique des algorithmes, l\u2019utilisation des donn\u00e9es priv\u00e9es \u00e0 des fins commerciales. Des alternatives voient le jour : des chercheurs d\u00e9fendent un usage raisonn\u00e9 des techniques computationnelles, des artistes s&#8217;en emparent pour lib\u00e9rer leur port\u00e9e ludique, esth\u00e9tique pour ainsi exprimer une forme de d\u00e9sob\u00e9issance num\u00e9rique cr\u00e9ative et \u00e9mancipatrice. A l\u2019int\u00e9rieur de ce cadre critique et th\u00e9orique, cette 17\u00e8me \u00e9dition des journ\u00e9es H2PTM s\u2019ouvre alors aux questions suivantes (liste non exhaustive) :<\/p>\n\n\n\n<ul>\n<li>Quels sont les apports propres aux SIC sur les probl\u00e9matiques envisag\u00e9es ?<\/li>\n\n\n\n<li>Quels sont les processus et les approches d\u2019\u00e9valuation de la qualit\u00e9 d\u2019une information ?<\/li>\n\n\n\n<li>Dans quels cadres d\u2019interpr\u00e9tation &#8211; qu\u2019ils soient pratique, esth\u00e9tique, ludique et politique, s\u2019inscrivent les m\u00e9canismes de construction de sens des ph\u00e9nom\u00e8nes hyperm\u00e9diatis\u00e9s ?<\/li>\n\n\n\n<li>Comment formaliser les processus menant aux construits de sens&nbsp;?<\/li>\n\n\n\n<li>Comment les effets de sens entra\u00eenent-ils des cons\u00e9quences sociales, b\u00e9n\u00e9fiques ou dommageables&nbsp;?<\/li>\n\n\n\n<li>Comment parvenir \u00e0 r\u00e9tablir un \u00e9cosyst\u00e8me plus \u00e9quilibr\u00e9 et plus juste ?<\/li>\n\n\n\n<li>Comment formuler les enjeux et r\u00e9pondre aux d\u00e9fis \u00e9mergents&nbsp;?<\/li>\n<\/ul>\n\n\n\n<p>L\u2019\u00e9dition 2023 se fixe pour objectif de valoriser les recherches sur la fabrique du sens \u00e0 l\u2019\u00e8re de l\u2019information hyperm\u00e9diatis\u00e9e (texte, son, image et vid\u00e9o) sous l\u2019angle :<\/p>\n\n\n\n<ul>\n<li>\u00c9pist\u00e9mologique : cadres th\u00e9oriques interpr\u00e9tatifs qualitatifs et quantitatifs pertinents pour les SIC, m\u00e9thodes computationnelles, nouvelles logiques d\u2019archivisation et de patrimonialisation, organisation des connaissances et s\u00e9mantisation des contenus.<\/li>\n\n\n\n<li>Culturel : transformations graphiques (webdesign, interfaces 3D\u2026), intermodalit\u00e9, \u00e9thique de la m\u00e9diation des savoirs, d\u00e9mocratisation de la culture et sciences citoyennes, esth\u00e9tique de l\u2019information.<\/li>\n\n\n\n<li>Informationnel : \u00e9critures collaboratives et hyperm\u00e9dias, recherche et r\u00e9ception participative de l\u2019information, indexation collaborative, syst\u00e8me de recommandation, intelligence artificielle.<\/li>\n\n\n\n<li>D\u00e9sinformationnel&nbsp;: rumeur, vol d\u2019identit\u00e9, trucage, contrefa\u00e7on, imitation, manipulation, opacit\u00e9 de syst\u00e8mes, reconfiguration de l\u2019espace public num\u00e9rique.<\/li>\n\n\n\n<li>Social : appropriation et partage de pratiques communicationnelles (publication, \u00e9changes en ligne), diffusion des innovations et des formes d\u2019hyper-exp\u00e9rience.<\/li>\n\n\n\n<li>Technique : outils de collecte (data harvesting), analyse, production et visualisation de donn\u00e9es, outils pour les pratiques collaboratives, outils de partage de donn\u00e9es, apprentissage automatique, apprentissage profond, interfaces cerveau-ordinateur.<\/li>\n<\/ul>\n\n\n\n<p>Les travaux attendus pourront se positionner au niveau th\u00e9orique, m\u00e9thodologique et empirique selon deux types de sessions en parall\u00e8le :<\/p>\n\n\n\n<ul>\n<li>Conf\u00e9rences scientifiques ;<\/li>\n\n\n\n<li>Expositions d\u2019\u0153uvres, applications et exp\u00e9rimentations interactives et atelier de d\u00e9monstrations.<\/li>\n<\/ul>\n\n\n\n<p><a><\/a><\/p>\n\n\n\n<h2>Th\u00e9matiques<\/h2>\n\n\n\n<p>Les th\u00e9matiques de la conf\u00e9rences (non exhaustives) sont :<\/p>\n\n\n\n<figure class=\"wp-block-table\"><table><tbody><tr><td>Approches th\u00e9oriques<\/td><\/tr><tr><td>Mod\u00e8les formels d&#8217;hypertextes Architecture hyperm\u00e9dias Traitements des interfaces Traitements des images Mod\u00e9lisation des usagers Processus cognitifs et hyperm\u00e9dias<\/td><td>G\u00e9n\u00e9ration automatique de liens hypertextuels Navigation, interrogation d&#8217;hypertextes Approches historiques des hypertextes Approches critiques des hypertextes \u00c9thique du num\u00e9rique<\/td><\/tr><tr><td>Applications et usages du multim\u00e9dia et des hyperm\u00e9dias<\/td><\/tr><tr><td>Pratiques, appropriation et d\u00e9tournements des hyperm\u00e9dias Enseignement \u00e0 distance Jeux num\u00e9riques Applications mobiles et nomades Collaboration en ligne (\u00e9criture, conception, outils, pratiques) Communication interculturelle M\u00e9moire et h\u00e9ritage culturel Public et acteurs des TIC<\/td><td>Hyperm\u00e9dia et pratiques artistiques ou culturelles Applications 3D Applications composites Recherche d&#8217;informations en ligne R\u00e9seaux sociaux, gestion de communaut\u00e9s Hyperm\u00e9dias et handicap Web participatif et pratiques amateurs Webjournalisme<\/td><\/tr><tr><td>Nouvelles \u00e9critures, nouveaux langages<\/td><\/tr><tr><td>Environnements auteurs Sc\u00e9narisation interactive \u00c9criture collaborative \u00c9criture hypertextuelle Analyse des processus cr\u00e9atifs Webdesign \u00c9dition scientifique num\u00e9rique Marquage coop\u00e9ratif de documents Repr\u00e9sentation du collectif<\/td><td>Syst\u00e8mes immersifs S\u00e9miotique cognitive Narratologie cognitive Hyperm\u00e9dias et cr\u00e9ation artistique Intentionnalit\u00e9 dans la construction hyperm\u00e9diatique Formalisation des gestes cr\u00e9atifs Hyperm\u00e9dias et intelligence artificielle Syst\u00e8mes et interfaces adaptatifs<\/td><\/tr><tr><td>Qualit\u00e9 de l&#8217;information et ma\u00eetrise de la qualit\u00e9<\/td><\/tr><tr><td>Processus et approches d&#8217;\u00e9valuation Fiabilit\u00e9 et cr\u00e9dibilit\u00e9 de l&#8217;information D\u00e9marches qualit\u00e9 Management de la qualit\u00e9<\/td><td>Ergonomie des hyperm\u00e9dias M\u00e9thodes de conduite de projets Normalisation et standards Web s\u00e9mantique et Indexation<\/td><\/tr><tr><td>D\u00e9sinformation hyperm\u00e9diatique<\/td><\/tr><tr><td>Rumeur Vol d\u2019identit\u00e9 Contrefa\u00e7on<\/td><td>Imitation Manipulation trucage<\/td><\/tr><tr><td>Internet et Soci\u00e9t\u00e9<\/td><\/tr><tr><td>Les fronti\u00e8res d&#8217;internet Internet et fronti\u00e8res classiques Les fronti\u00e8res invisibles d&#8217;internet R\u00e9alit\u00e9 et Virtualit\u00e9, quelle fronti\u00e8re R\u00e9seaux sociaux et fronti\u00e8res Identit\u00e9 num\u00e9rique<\/td><td>Tra\u00e7abilit\u00e9 num\u00e9rique Art et fronti\u00e8res num\u00e9riques Marketing et r\u00e9seaux sociaux Interactions des r\u00e9seaux Analyse sociologique des r\u00e9seaux sociaux Outils d&#8217;analyse des r\u00e9seaux sociaux<\/td><\/tr><tr><td>Internet et Innovations technologiques<\/td><\/tr><tr><td>Innovation et usages technologiques Environnements communicants et augment\u00e9s Objets connect\u00e9s, communicants R\u00e9seau d&#8217;objets num\u00e9rique et physique<\/td><td>Interactions sociales Nouveaux usages et nouveaux services Data mining et Big-data Deep et Machine learning<\/td><\/tr><\/tbody><\/table><\/figure>\n\n\n\n<h2>Langues<\/h2>\n\n\n\n<p>Les langues officielles sont le fran\u00e7ais et l&#8217;anglais, pour les articles et les pr\u00e9sentations.<a><\/a><\/p>\n\n\n\n<h2>Calendrier et dates<\/h2>\n\n\n\n<p>Le calendrier pour les contributions scientifiques est le suivant :<\/p>\n\n\n\n<figure class=\"wp-block-table\"><table><tbody><tr><td><s>19 f\u00e9vrier 2023<\/s><\/td><td><s>d\u00e9claration d\u2019int\u00e9r\u00eat : Les auteurs peuvent faire une d\u00e9claration d&#8217;int\u00e9r\u00eat (r\u00e9sum\u00e9) avant la soumission du texte complet, cette d\u00e9claration est recommand\u00e9e pour permettre au comit\u00e9 de programme de valider l&#8217;ad\u00e9quation de la future proposition aux th\u00e9matiques de la conf\u00e9rence<\/s><\/td><\/tr><tr><td>16 avril 2023 (repouss\u00e9e \u00e0 dimanche 23 avril, minuit, suite \u00e0 des difficult\u00e9 \u00e0 d\u00e9poser les textes)<\/td><td>date limite de r\u00e9ception des propositions (<strong>textes complets<\/strong>) anonymis\u00e9s pour \u00e9valuation en double aveugle. Le texte doit respecter les recommandations indiqu\u00e9es dans la section &#8220;Guide \u00e0 la soumission&#8221;, en format PDF<br>La soumission du TEXTE COMPLET se fait seulement via la plateforme (Easychair, adresse \u00e0 copier dans la barre du navigateur) : https:\/\/easychair.org\/conferences\/?conf=h2ptm2023<\/td><\/tr><tr><td>21 mai 2023<\/td><td>d\u00e9but des <strong>notifications<\/strong> (acceptation ou refus) et retour des expertises en double aveugle \u00e0 tous les auteurs.<\/td><\/tr><tr><td>18 juin 2023<\/td><td>date limite de r\u00e9ception des <strong>versions corrig\u00e9es et d\u00e9finitives<\/strong><\/td><\/tr><tr><td>05 juillet 2023<\/td><td>date limite obligatoire pour l\u2019<strong>inscription<\/strong> d\u2019au moins un intervenant\/participant \u00e0 la conf\u00e9rence<\/td><\/tr><tr><td>15 septembre 2023<\/td><td>date limite du <strong>paiement<\/strong> des frais de participation \u00e0 la conf\u00e9rence pour au moins l&#8217;un des auteurs<\/td><\/tr><tr><td>18 octobre 2023<\/td><td><strong>ouverture<\/strong> de la conf\u00e9rence<\/td><\/tr><tr><td>20 octobre 2023<\/td><td><strong>cl\u00f4ture<\/strong> de la conf\u00e9rence<\/td><\/tr><\/tbody><\/table><\/figure>\n\n\n\n<p><a><\/a><\/p>\n\n\n\n<h2>Guide \u00e0 la soumission des articles<\/h2>\n\n\n\n<p>Les auteurs soumettront leurs propositions de communication sous <strong>forme d&#8217;un texte complet (EN PDF) AVEC UNE MISE EN PAGE selon le type et la feuille de style ci-dessous<\/strong>, \u00e0 l&#8217;adresse suivante&nbsp;:<\/p>\n\n\n\n<p>Les auteurs peuvent soumettre trois types de communications :<\/p>\n\n\n\n<ul>\n<li>Les communications longues : la longueur du texte ne doit pas exc\u00e9der 12 pages, selon la feuille de style ISTE (\u00e0 t\u00e9l\u00e9charger <a href=\"http:\/\/h2ptm.univ-paris8.fr\/consigne_full_actes_fr.doc\">ici<\/a>)<\/li>\n\n\n\n<li>Les communications courtes : la longueur du texte ne doit pas 6 pages, selon la feuille de style ISTE (\u00e0 t\u00e9l\u00e9charger <a href=\"http:\/\/h2ptm.univ-paris8.fr\/consigne_full_actes_fr.doc\">ici<\/a>)<\/li>\n\n\n\n<li>Les communications affich\u00e9es (posters) : la longueur du texte 2 pages, selon la feuille de style ISTE (\u00e0 t\u00e9l\u00e9charger <a href=\"http:\/\/h2ptm.univ-paris8.fr\/consigne_full_actes_fr.doc\">ici<\/a>)<\/li>\n<\/ul>\n\n\n\n<h2>Evaluation des propositions<\/h2>\n\n\n\n<p>Chaque proposition sera examin\u00e9e par au moins deux \u00e9valuateurs en double aveugle, qui estimeront sa pertinence, sa validit\u00e9 scientifique, son originalit\u00e9 et la clart\u00e9 de sa pr\u00e9sentation.<\/p>\n\n\n\n<p>Concernant l&#8217;anonymat des documents, l&#8217;auteur doit retirer toutes les informations de propri\u00e9t\u00e9s du document word, pour \u00e9viter que le nom du propri\u00e9taire et l&#8217;affiliation n&#8217;y soient visibles. Le document ne devra pas contenir ni nom ni affiliation ni aucune r\u00e9f\u00e9rence \u00e0 un laboratoire, \u00e9quipe d&#8217;accueil ou \u00e9tablissement. Si un passage est n\u00e9cessaire pour la continuit\u00e9 d&#8217;un texte, l&#8217;auteur remplacera les \u00e9l\u00e9ments par une suite de caract\u00e8res XXXXX. Dans le cas d&#8217;une acceptation,il sera demand\u00e9 aux auteurs de mettre \u00e0 jour le document avec leurs noms, pr\u00e9noms, affiliations compl\u00e8tes et r\u00e9f\u00e9rences bibliographiques retir\u00e9es.<a><\/a><\/p>\n\n\n\n<h2>R\u00e8gles et conditions encadrant le d\u00e9p\u00f4t de soumission<\/h2>\n\n\n\n<ul>\n<li>Un auteur peut soumettre au maximum deux textes \u00e0 \u00e9valuation, en cas d\u2019\u00e9valuation positive de deux textes d\u2019un m\u00eame auteur, le comit\u00e9 du programme se r\u00e9serve le droit d\u2019en retenir qu\u2019un seul texte, le mieux appr\u00e9ci\u00e9.<\/li>\n\n\n\n<li>Un auteur ne peut-\u00eatre pr\u00e9sent dans plus deux textes au maximum, comme auteur et coauteur.<\/li>\n\n\n\n<li>Un auteur ne peut pr\u00e9senter plus d\u2019un texte \u00e0 la conf\u00e9rence m\u00eame s\u2019il est coauteur d\u2019un autre texte.<\/li>\n\n\n\n<li>L\u2019ordre des auteurs d\u2019un texte soumis pour \u00e9valuation et accept\u00e9 ensuite ne peut-\u00eatre chang\u00e9 ult\u00e9rieurement \u00e0 l\u2019\u00e9valuation et l\u2019acceptation (ces informations sont \u00e0 saisir lors de la soumission sur la plateforme en dehors du texte \u00e0 \u00e9valuer).<\/li>\n\n\n\n<li>Chaque texte accept\u00e9 fera l\u2019objet d\u2019une inscription et le paiement des frais de participation (information accessible aupr\u00e8s de l&#8217;organisation) \u00e0 la conf\u00e9rence et cela quelque soit le statut de l&#8217;auteur, avec ou sans affiliation \u00e0 un laboratoire de recherche.<\/li>\n<\/ul>\n\n\n\n<p><a><\/a><\/p>\n\n\n\n<h2>Exposition et atelier<\/h2>\n\n\n\n<p>Les contributions pour l&#8217;exposition et l\u2019atelier peuvent se pr\u00e9senter sous forme de pr\u00e9sentation publique comment\u00e9e avec d\u00e9monstration, ou d&#8217;\u0153uvre \u00e0 exposer. Les langues officielles sont le fran\u00e7ais et l&#8217;anglais. Les propositions se feront directement \u00e0 l&#8217;adresse de la conf\u00e9rence, selon le calendrier suivant :<\/p>\n\n\n\n<figure class=\"wp-block-table\"><table><tbody><tr><td>15 juin 2023<\/td><td>Limite de r\u00e9ception des propositions pour l&#8217;exposition et l&#8217;atelier<\/td><\/tr><tr><td>15 juillet 2023<\/td><td>Notification d&#8217;acceptation ou de refus<\/td><\/tr><\/tbody><\/table><\/figure>\n\n\n\n<h2>Publication des actes<\/h2>\n\n\n\n<figure class=\"wp-block-table\"><table><tbody><tr><td>Les actes de la conf\u00e9rence feront l&#8217;objet d&#8217;un ouvrage collectif dans la collection &#8220;<strong>Syst\u00e8mes d&#8217;information, web et soci\u00e9t\u00e9<\/strong>&#8221; aux \u00e9ditions <strong>ISTE \u00e9ditions<\/strong> qui sera distribu\u00e9 lors de la conf\u00e9rence.<\/td><td><img decoding=\"async\" src=\"https:\/\/i0.wp.com\/h2ptm.univ-paris8.fr\/images\/iste.png?w=620\" alt=\"ISTE \u00e9ditions\" data-recalc-dims=\"1\"><\/td><\/tr><\/tbody><\/table><\/figure>\n\n\n\n<p><a><\/a><\/p>\n\n\n\n<h2>Pr\u00e9sidents de la conf\u00e9rence h2ptm&#8217;2023<\/h2>\n\n\n\n<ul>\n<li>Imad SALEH, Universit\u00e9 Paris 8 (France)<\/li>\n\n\n\n<li>Sylvie LELEU-MERVIEL, Universit\u00e9 Polytechnique Hauts-de-France (France)<\/li>\n\n\n\n<li>Ioan ROXIN, Universit\u00e9 de Franche-Comt\u00e9 (France)<\/li>\n\n\n\n<li>Manuel ZACKLAD, CNAM, Paris (France)<\/li>\n\n\n\n<li>Luc MASSOU, Universit\u00e9 de Lorraine (France)<\/li>\n<\/ul>\n\n\n\n<h2>Responsable de l&#8217;organisation scientifique \/ programme<\/h2>\n\n\n\n<ul>\n<li>Nasreddine BOUHAI, Universit\u00e9 Paris 8 (France)<\/li>\n<\/ul>\n\n\n\n<h2>Comit\u00e9 de programme<\/h2>\n\n\n\n<ul>\n<li>Fanny BOUGENIES, Universit\u00e9 Polytechnique Hauts-de-France (France)<\/li>\n\n\n\n<li>Hafida BOULEKBACHE-MAZOUZ, Universit\u00e9 Polytechnique Hauts-de-France (France)<\/li>\n\n\n\n<li>Cecile PAYEUR, Universit\u00e9 Paris Nanterre(France)<\/li>\n\n\n\n<li>Angeliki MONNIER, Universit\u00e9 de Lorraine (France)<\/li>\n\n\n\n<li>Mar\u00eda In\u00e9s LAITANO, Universit\u00e9 de Paris 8 (France)<\/li>\n\n\n\n<li>Angelina TOURSEL, Universit\u00e9 Polytechnique Hauts-de-France (France)<\/li>\n\n\n\n<li>Philippe USEILLE, Universit\u00e9 Polytechnique Hauts-de-France (France)<\/li>\n\n\n\n<li>Samuel SZONIECKY, Universit\u00e9 de Paris 8 (France)<\/li>\n<\/ul>\n\n\n\n<h2>Comit\u00e9 scientifique<\/h2>\n\n\n\n<ul>\n<li>B\u00e9atrice ARRUABARRENA, CNAM, Paris (France)<\/li>\n\n\n\n<li>Mohammed BENABID, ENCG Dakhla-Universit\u00e9 Ibn Zohr (Maroc)<\/li>\n\n\n\n<li>Ren\u00e9e BOURASSA, Universit\u00e9 Laval (Canada)<\/li>\n\n\n\n<li>St\u00e9phane CHAUDIRON, Universit\u00e9 de Lille 3 (France)<\/li>\n\n\n\n<li>Anne CORDIER, Universit\u00e9 de Lorraine (France)<\/li>\n\n\n\n<li>Jean-Claude DOMENGET, Universit\u00e9 de Franche-Comt\u00e9 (France)<\/li>\n\n\n\n<li>Jacques DUCLOY, DRRT Lorraine (France)<\/li>\n\n\n\n<li>Pergia GKOUSKOU, Universit\u00e9 Clermont Auvergne (France)<\/li>\n\n\n\n<li>Jacques IBANEZ BUENO, Universit\u00e9 de Savoie (France)<\/li>\n\n\n\n<li>Bernard JACQUEMIN, Universit\u00e9 de Lille 3 (France)<\/li>\n\n\n\n<li>Brigitte JUANALS, Aix-Marseille Universit\u00e9 (France)<\/li>\n\n\n\n<li>Christophe KOLSKI, Universit\u00e9 Polytechnique Hauts-de-France (France)<\/li>\n\n\n\n<li>Michel LABOUR, Universit\u00e9 Polytechnique Hauts-de-France (France)<\/li>\n\n\n\n<li>Alain LAMBOUX-DURAND, Universit\u00e9 de Franche-Comt\u00e9 (France)<\/li>\n\n\n\n<li>Christine MICHEL, Universit\u00e9 de Poitiers.fr (France)<\/li>\n\n\n\n<li>Abderrazek MKADMI, Sultan Qaboos University (Oman)<\/li>\n\n\n\n<li>Olivier LE DEUFF, Universit\u00e9 Bordeaux Montaigne (France)<\/li>\n\n\n\n<li>Sophie P\u00c8NE, Universit\u00e9 Paris-Descartes (France)<\/li>\n\n\n\n<li>Franck RENUCCI, Universit\u00e9 de Toulon (France)<\/li>\n\n\n\n<li>Everardo REYES, Universit\u00e9 de Paris 8 (France)<\/li>\n\n\n\n<li>C\u00e9line S\u00c9GUR, Universit\u00e9 de Lorraine (France)<\/li>\n\n\n\n<li>Marta SEVERO, CNAM, Paris (France)<\/li>\n\n\n\n<li>Federico TAJARIOL, Universit\u00e9 de Franche-Comt\u00e9 (France)<\/li>\n\n\n\n<li>Genevi\u00e8ve VIDAL, Universit\u00e9 Paris 13(France)<\/li>\n\n\n\n<li>Khaldoun ZREIK, Universit\u00e9 Paris 8 (France)<\/li>\n<\/ul>\n\n\n\n<h2>Contact principal<\/h2>\n\n\n\n<p>h2ptm<img decoding=\"async\" src=\"https:\/\/i0.wp.com\/h2ptm.univ-paris8.fr\/images\/@.png?w=11\"  data-recalc-dims=\"1\">univ-paris8.fr<\/p>\n","protected":false},"excerpt":{"rendered":"<p>[Date limite de soumission de textes complets le 16 avril (repouss\u00e9e \u00e0 dimanche 23 avril, suite \u00e0 des difficult\u00e9s techniques pour le d\u00e9p\u00f4t des textes complet) (voir http:\/\/h2ptm.univ-paris8.fr\/)] 17\u00e8me \u00e9dition de la Conf\u00e9rence internationale La fabrique du sens \u00e0 l\u2019\u00e8re de l\u2019information num\u00e9rique : enjeux et d\u00e9fis 18, 19 et 20 octobre 2023 Valenciennes &#8211; &hellip;<\/p>\n","protected":false},"author":7,"featured_media":0,"comment_status":"open","ping_status":"open","sticky":false,"template":"","format":"standard","meta":[],"categories":[11,9],"tags":[],"jetpack_featured_media_url":"","jetpack-related-posts":[{"id":4375,"url":"https:\/\/citu-paragraphe.fr\/index.php\/2023\/03\/15\/9eme-edition-du-colloque-hyperurbain-novembre-2023\/","url_meta":{"origin":4383,"position":0},"title":"9\u00e8me \u00e9dition du colloque HyperUrbain \/  novembre 2023","author":"Nasreddine Bouhai","date":"15 mars 2023","format":false,"excerpt":"[Date limite de soumission de r\u00e9sum\u00e9s est prolong\u00e9e au 31 mars 2023 sur http:\/\/hu9.hyperurbain.org] Ville Dirig\u00e9e par les Donn\u00e9es 23 au 25 nomvenbre 2023 Facult\u00e9 des Sciences Appliqu\u00e9es d'Ait MelloulUniversit\u00e9 Ibn Zohr, Agadir, Maroc http:\/\/hu9.hyperurbain.org Organis\u00e9 par : Facult\u00e9 des Sciences Appliqu\u00e9es d'Ait MelloulUniversit\u00e9 Ibn Zohr Agadir, MarocLaboratoire ParagrapheUniversit\u00e9 de\u2026","rel":"","context":"Dans &quot;CfP&quot;","block_context":{"text":"CfP","link":"https:\/\/citu-paragraphe.fr\/index.php\/category\/colloque\/cfp-colloque\/"},"img":{"alt_text":"","src":"https:\/\/i0.wp.com\/citu-paragraphe.fr\/wp-content\/uploads\/2023\/03\/hu.9-bis-scaled.jpg?resize=350%2C200&ssl=1","width":350,"height":200,"srcset":"https:\/\/i0.wp.com\/citu-paragraphe.fr\/wp-content\/uploads\/2023\/03\/hu.9-bis-scaled.jpg?resize=350%2C200&ssl=1 1x, https:\/\/i0.wp.com\/citu-paragraphe.fr\/wp-content\/uploads\/2023\/03\/hu.9-bis-scaled.jpg?resize=525%2C300&ssl=1 1.5x, https:\/\/i0.wp.com\/citu-paragraphe.fr\/wp-content\/uploads\/2023\/03\/hu.9-bis-scaled.jpg?resize=700%2C400&ssl=1 2x, https:\/\/i0.wp.com\/citu-paragraphe.fr\/wp-content\/uploads\/2023\/03\/hu.9-bis-scaled.jpg?resize=1050%2C600&ssl=1 3x, https:\/\/i0.wp.com\/citu-paragraphe.fr\/wp-content\/uploads\/2023\/03\/hu.9-bis-scaled.jpg?resize=1400%2C800&ssl=1 4x"},"classes":[]},{"id":2322,"url":"https:\/\/citu-paragraphe.fr\/index.php\/2019\/02\/07\/colloque-nouveaux-defis-de-linternet-des-objets-2017-technique-usage-ethique-2\/","url_meta":{"origin":4383,"position":1},"title":"21e colloque international sur le document num\u00e9rique","author":"Luis Torres Yepez","date":"7 f\u00e9vrier 2019","format":false,"excerpt":"21e\u00a0colloque international sur le document num\u00e9rique Djerba, 4-6 avril 2019 http:\/\/europia.org\/cide21\/ La vingt-et-uni\u00e8me \u00e9dition du\u00a0Colloque international sur le Document Num\u00e9rique\u00a0(CiDE.21) propose d\u2019interroger la num\u00e9risation info-documentaire dans ses cons\u00e9quences sur le fonctionnement g\u00e9n\u00e9ral de l\u2019environnement documentaire et sur son organisation (l\u2019\u00e9conomie \u2013 ou les diverses \u00e9conomies \u2013 du document). Ce questionnement\u2026","rel":"","context":"Dans &quot;Colloques&quot;","block_context":{"text":"Colloques","link":"https:\/\/citu-paragraphe.fr\/index.php\/category\/colloque\/"},"img":{"alt_text":"","src":"","width":0,"height":0},"classes":[]},{"id":2324,"url":"https:\/\/citu-paragraphe.fr\/index.php\/2019\/02\/07\/colloque-nouveaux-defis-de-linternet-des-objets-2017-technique-usage-ethique-2-2\/","url_meta":{"origin":4383,"position":2},"title":"Symposium sur la Communication et la Publication des Sciences","author":"Luis Torres Yepez","date":"7 f\u00e9vrier 2019","format":false,"excerpt":"Symposium sur la Communication et la Publication des Sciences Djerba, 5-6 avril 2019 https:\/\/scps.sciencesconf.org\/ Les moyens, outils et supports qui sont mis \u00e0 disposition des acteurs, organisateurs, producteurs et consommateurs de la communication et de la publication scientifiques (CPS),\u00a0 ont connu des changements majeurs ces derni\u00e8res d\u00e9cennies. Par ailleurs, on\u2026","rel":"","context":"Dans &quot;Colloques&quot;","block_context":{"text":"Colloques","link":"https:\/\/citu-paragraphe.fr\/index.php\/category\/colloque\/"},"img":{"alt_text":"","src":"","width":0,"height":0},"classes":[]},{"id":4417,"url":"https:\/\/citu-paragraphe.fr\/index.php\/2023\/03\/17\/a-paraitre-ouvrage-collectif-la-fabrique-du-patrimoine-a-lere-numerique\/","url_meta":{"origin":4383,"position":3},"title":"A para\u00eetre \/Ouvrage collectif : La fabrique du patrimoine \u00e0 l&#8217;\u00e8re num\u00e9rique","author":"Nasreddine Bouhai","date":"17 mars 2023","format":false,"excerpt":"BOUHAI Nasreddine(Auteur), avril\/mai 2023 Collection Technologie de l'Information, europia productions","rel":"","context":"Dans &quot;Ouvrages collectifs&quot;","block_context":{"text":"Ouvrages collectifs","link":"https:\/\/citu-paragraphe.fr\/index.php\/category\/publications\/ouvrages-collectifs\/"},"img":{"alt_text":"","src":"https:\/\/i0.wp.com\/citu-paragraphe.fr\/wp-content\/uploads\/2023\/03\/HIS.6-Ouvrage-1-scaled.jpeg?resize=350%2C200&ssl=1","width":350,"height":200,"srcset":"https:\/\/i0.wp.com\/citu-paragraphe.fr\/wp-content\/uploads\/2023\/03\/HIS.6-Ouvrage-1-scaled.jpeg?resize=350%2C200&ssl=1 1x, https:\/\/i0.wp.com\/citu-paragraphe.fr\/wp-content\/uploads\/2023\/03\/HIS.6-Ouvrage-1-scaled.jpeg?resize=525%2C300&ssl=1 1.5x, https:\/\/i0.wp.com\/citu-paragraphe.fr\/wp-content\/uploads\/2023\/03\/HIS.6-Ouvrage-1-scaled.jpeg?resize=700%2C400&ssl=1 2x, https:\/\/i0.wp.com\/citu-paragraphe.fr\/wp-content\/uploads\/2023\/03\/HIS.6-Ouvrage-1-scaled.jpeg?resize=1050%2C600&ssl=1 3x, https:\/\/i0.wp.com\/citu-paragraphe.fr\/wp-content\/uploads\/2023\/03\/HIS.6-Ouvrage-1-scaled.jpeg?resize=1400%2C800&ssl=1 4x"},"classes":[]},{"id":8872,"url":"https:\/\/citu-paragraphe.fr\/index.php\/2025\/02\/23\/9eme-edition-hyperheritage-international-symposium\/","url_meta":{"origin":4383,"position":4},"title":"9\u00e8me \u00e9dition HyperHeritage International Symposium","author":"Nasreddine Bouhai","date":"23 f\u00e9vrier 2025","format":false,"excerpt":"https:\/\/hyperheritage.org Argumentaire Les avanc\u00e9es technologiques dans les domaines du num\u00e9rique et de l\u2019informatique ont profond\u00e9ment modifi\u00e9 notre relation au patrimoine culturel. Autrefois cantonn\u00e9es \u00e0 un r\u00f4le de documentation et d\u2019archivage, ces technologies sont d\u00e9sormais porteuses de nouvelles formes de valorisation, de m\u00e9diation et de transmission des biens culturels, qu\u2019ils soient\u2026","rel":"","context":"Dans &quot;CfP&quot;","block_context":{"text":"CfP","link":"https:\/\/citu-paragraphe.fr\/index.php\/category\/colloque\/cfp-colloque\/"},"img":{"alt_text":"","src":"https:\/\/i0.wp.com\/citu-paragraphe.fr\/wp-content\/uploads\/2025\/02\/pcia.png?resize=350%2C200&ssl=1","width":350,"height":200,"srcset":"https:\/\/i0.wp.com\/citu-paragraphe.fr\/wp-content\/uploads\/2025\/02\/pcia.png?resize=350%2C200&ssl=1 1x, https:\/\/i0.wp.com\/citu-paragraphe.fr\/wp-content\/uploads\/2025\/02\/pcia.png?resize=525%2C300&ssl=1 1.5x, https:\/\/i0.wp.com\/citu-paragraphe.fr\/wp-content\/uploads\/2025\/02\/pcia.png?resize=700%2C400&ssl=1 2x"},"classes":[]},{"id":4388,"url":"https:\/\/citu-paragraphe.fr\/index.php\/2023\/03\/28\/seminaire-art-et-art-numerique-a-lere-de-lia\/","url_meta":{"origin":4383,"position":5},"title":"Symposium Art et Art Num\u00e9rique \u00e0 l\u2019\u00e8re de l\u2019IA","author":"Nasreddine Bouhai","date":"28 mars 2023","format":false,"excerpt":"Dans le cadre du Centenaire de Pol Bury La Louvi\u00e8re \u2013 Centrissime \u2014 27, 28 avril 2023 Parcours r\u00e9alit\u00e9 augment\u00e9e en ville ] P P P [ - XR BURY 26 > 14 mai Pr\u00e9sentation \u00c0 l\u2019occasion du centenaire de la naissance de Pol Bury, le laboratoire Paragraphe (axe CiTu)\u2026","rel":"","context":"Dans &quot;S\u00e9minaires&quot;","block_context":{"text":"S\u00e9minaires","link":"https:\/\/citu-paragraphe.fr\/index.php\/category\/seminaires\/"},"img":{"alt_text":"","src":"https:\/\/i0.wp.com\/citu-paragraphe.fr\/wp-content\/uploads\/2023\/03\/louviere.jpg?resize=350%2C200&ssl=1","width":350,"height":200,"srcset":"https:\/\/i0.wp.com\/citu-paragraphe.fr\/wp-content\/uploads\/2023\/03\/louviere.jpg?resize=350%2C200&ssl=1 1x, https:\/\/i0.wp.com\/citu-paragraphe.fr\/wp-content\/uploads\/2023\/03\/louviere.jpg?resize=525%2C300&ssl=1 1.5x, https:\/\/i0.wp.com\/citu-paragraphe.fr\/wp-content\/uploads\/2023\/03\/louviere.jpg?resize=700%2C400&ssl=1 2x, https:\/\/i0.wp.com\/citu-paragraphe.fr\/wp-content\/uploads\/2023\/03\/louviere.jpg?resize=1050%2C600&ssl=1 3x"},"classes":[]}],"_links":{"self":[{"href":"https:\/\/citu-paragraphe.fr\/index.php\/wp-json\/wp\/v2\/posts\/4383"}],"collection":[{"href":"https:\/\/citu-paragraphe.fr\/index.php\/wp-json\/wp\/v2\/posts"}],"about":[{"href":"https:\/\/citu-paragraphe.fr\/index.php\/wp-json\/wp\/v2\/types\/post"}],"author":[{"embeddable":true,"href":"https:\/\/citu-paragraphe.fr\/index.php\/wp-json\/wp\/v2\/users\/7"}],"replies":[{"embeddable":true,"href":"https:\/\/citu-paragraphe.fr\/index.php\/wp-json\/wp\/v2\/comments?post=4383"}],"version-history":[{"count":7,"href":"https:\/\/citu-paragraphe.fr\/index.php\/wp-json\/wp\/v2\/posts\/4383\/revisions"}],"predecessor-version":[{"id":5224,"href":"https:\/\/citu-paragraphe.fr\/index.php\/wp-json\/wp\/v2\/posts\/4383\/revisions\/5224"}],"wp:attachment":[{"href":"https:\/\/citu-paragraphe.fr\/index.php\/wp-json\/wp\/v2\/media?parent=4383"}],"wp:term":[{"taxonomy":"category","embeddable":true,"href":"https:\/\/citu-paragraphe.fr\/index.php\/wp-json\/wp\/v2\/categories?post=4383"},{"taxonomy":"post_tag","embeddable":true,"href":"https:\/\/citu-paragraphe.fr\/index.php\/wp-json\/wp\/v2\/tags?post=4383"}],"curies":[{"name":"wp","href":"https:\/\/api.w.org\/{rel}","templated":true}]}}